{"id":7063,"date":"2026-04-27T10:33:54","date_gmt":"2026-04-27T14:33:54","guid":{"rendered":"https:\/\/www.cendis.gob.ve\/?p=7063"},"modified":"2026-04-27T10:33:54","modified_gmt":"2026-04-27T14:33:54","slug":"ejecutivo-nacional-designo-nuevas-autoridades-en-el-mppc","status":"publish","type":"post","link":"https:\/\/www.cendis.gob.ve\/?p=7063","title":{"rendered":"Ejecutivo Nacional design\u00f3 nuevas autoridades en el MPPC"},"content":{"rendered":"\n<figure class=\"wp-block-image size-full\"><img fetchpriority=\"high\" decoding=\"async\" width=\"1024\" height=\"747\" src=\"https:\/\/www.cendis.gob.ve\/wp-content\/uploads\/2026\/04\/Presidente-encagada.jpg\" alt=\"\" class=\"wp-image-7064\" srcset=\"https:\/\/www.cendis.gob.ve\/wp-content\/uploads\/2026\/04\/Presidente-encagada.jpg 1024w, https:\/\/www.cendis.gob.ve\/wp-content\/uploads\/2026\/04\/Presidente-encagada-300x219.jpg 300w, https:\/\/www.cendis.gob.ve\/wp-content\/uploads\/2026\/04\/Presidente-encagada-768x560.jpg 768w\" sizes=\"(max-width: 1024px) 100vw, 1024px\" \/><\/figure>\n\n\n\n<p><strong>Prensa MPPC (26\/04\/2026).-<\/strong>&nbsp;El ministro del Poder Popular para la Cultura, Ra\u00fal Cazal, dio a conocer este domingo 26 de abril, a trav\u00e9s de sus redes sociales, las nuevas designaciones de autoridades en el Ministerio del Poder Popular para la Cultura (MPPC), por instrucciones de la presidenta (E) de la Rep\u00fablica, Delcy Rodr\u00edguez.<\/p>\n\n\n\n<p>Entre los nombramientos destaca la designaci\u00f3n de Gabriela Alejandra Simoza Romero como viceministra de Cultura, responsabilidad que ejercer\u00e1 junto a la Direcci\u00f3n General de la Fundaci\u00f3n Misi\u00f3n Cultura. Licenciada en Artes, con diplomado en Comunicaci\u00f3n Pol\u00edtica, cuenta con una amplia trayectoria como diputada por el estado Miranda, directora del Gabinete Cultural de esa entidad, Autoridad \u00danica de Cultura, alcaldesa del municipio Urdaneta y constituyente por esa jurisdicci\u00f3n.<\/p>\n\n\n\n<figure class=\"wp-block-image size-full\"><img decoding=\"async\" width=\"1024\" height=\"576\" src=\"https:\/\/www.cendis.gob.ve\/wp-content\/uploads\/2026\/04\/IMG-20260426-WA0064-1024x576-1.jpg\" alt=\"\" class=\"wp-image-7065\" srcset=\"https:\/\/www.cendis.gob.ve\/wp-content\/uploads\/2026\/04\/IMG-20260426-WA0064-1024x576-1.jpg 1024w, https:\/\/www.cendis.gob.ve\/wp-content\/uploads\/2026\/04\/IMG-20260426-WA0064-1024x576-1-300x169.jpg 300w, https:\/\/www.cendis.gob.ve\/wp-content\/uploads\/2026\/04\/IMG-20260426-WA0064-1024x576-1-768x432.jpg 768w\" sizes=\"(max-width: 1024px) 100vw, 1024px\" \/><\/figure>\n\n\n\n<p>Tendr\u00e1 la tarea de dar seguimiento a las pol\u00edticas de Estado para la Cultura y fortalecer el v\u00ednculo entre esta dependencia, educaci\u00f3n y recreaci\u00f3n, adem\u00e1s de liderar la plataforma de las artes esc\u00e9nicas y musicales.<\/p>\n\n\n\n<p>Asimismo, Rosario Patricia Soto Su\u00e1rez fue designada como viceministra de Fomento de la Econom\u00eda Cultural. Licenciada en Educaci\u00f3n, menci\u00f3n Antropolog\u00eda, actualmente se desempe\u00f1a como directora General del Archivo General de la Naci\u00f3n y directora Ejecutiva del Centro de Estudios Sim\u00f3n Bol\u00edvar. Ha ocupado responsabilidades como directora de la Casona Cultural Aquiles Nazoa, Fundapatrimonio y el Centro Nacional de Archivos.<\/p>\n\n\n\n<figure class=\"wp-block-image size-full\"><img decoding=\"async\" width=\"1024\" height=\"682\" src=\"https:\/\/www.cendis.gob.ve\/wp-content\/uploads\/2026\/04\/IMG-20260426-WA0068-1024x682-1.jpg\" alt=\"\" class=\"wp-image-7066\" srcset=\"https:\/\/www.cendis.gob.ve\/wp-content\/uploads\/2026\/04\/IMG-20260426-WA0068-1024x682-1.jpg 1024w, https:\/\/www.cendis.gob.ve\/wp-content\/uploads\/2026\/04\/IMG-20260426-WA0068-1024x682-1-300x200.jpg 300w, https:\/\/www.cendis.gob.ve\/wp-content\/uploads\/2026\/04\/IMG-20260426-WA0068-1024x682-1-768x512.jpg 768w\" sizes=\"(max-width: 1024px) 100vw, 1024px\" \/><\/figure>\n\n\n\n<p>Su labor estar\u00e1 orientada al dise\u00f1o y seguimiento de pol\u00edticas p\u00fablicas desde la perspectiva de la racionalidad econ\u00f3mica y la formulaci\u00f3n de la pol\u00edtica comercial-cultural, adem\u00e1s de asumir el liderazgo de la plataforma del Libro del MPPC.<\/p>\n\n\n\n<p>Por su parte, el ministro Cazal inform\u00f3 que en el viceministerio de Cultura Audiovisual, estar\u00e1 a cargo Miqueas Figueroa Yepes, conocido como \u201cPiki\u201d, asume la presidencia del Centro Nacional del Disco (Cendis). Artista, letrista, creativo y curador visual, cuenta con m\u00e1s de 30 a\u00f1os de trayectoria en la gesti\u00f3n cultural y es fundador del Parque Cultural Tiuna El Fuerte.<\/p>\n\n\n\n<figure class=\"wp-block-image size-full\"><img loading=\"lazy\" decoding=\"async\" width=\"768\" height=\"770\" src=\"https:\/\/www.cendis.gob.ve\/wp-content\/uploads\/2026\/04\/IMG-20260426-WA0067-768x770-1.jpg\" alt=\"\" class=\"wp-image-7071\" srcset=\"https:\/\/www.cendis.gob.ve\/wp-content\/uploads\/2026\/04\/IMG-20260426-WA0067-768x770-1.jpg 768w, https:\/\/www.cendis.gob.ve\/wp-content\/uploads\/2026\/04\/IMG-20260426-WA0067-768x770-1-300x300.jpg 300w, https:\/\/www.cendis.gob.ve\/wp-content\/uploads\/2026\/04\/IMG-20260426-WA0067-768x770-1-150x150.jpg 150w, https:\/\/www.cendis.gob.ve\/wp-content\/uploads\/2026\/04\/IMG-20260426-WA0067-768x770-1-50x50.jpg 50w, https:\/\/www.cendis.gob.ve\/wp-content\/uploads\/2026\/04\/IMG-20260426-WA0067-768x770-1-560x560.jpg 560w\" sizes=\"(max-width: 768px) 100vw, 768px\" \/><\/figure>\n\n\n\n<p>Ha destacado como vocalista y compositor de agrupaciones como Sontiz\u00f3n y Bituaya, as\u00ed como impulsor del movimiento de m\u00fasica urbana y del hip hop venezolano.<\/p>\n\n\n\n<p>De igual forma, Rosa Chiquinquir\u00e1 Rayd\u00e1n Olivares fue designada presidenta de la Fundaci\u00f3n Cinemateca Nacional. Licenciada en Comunicaci\u00f3n Social, menci\u00f3n Periodismo Impreso, con estudios de maestr\u00eda en Estudios de la Cultura, ha desempe\u00f1ado funciones en el Centro Nacional Aut\u00f3nomo de Cinematograf\u00eda (CNAC), Iartes, la Agencia Venezolana de Noticias y Ciudad CCS.<\/p>\n\n\n\n<figure class=\"wp-block-image size-full\"><img loading=\"lazy\" decoding=\"async\" width=\"1024\" height=\"729\" src=\"https:\/\/www.cendis.gob.ve\/wp-content\/uploads\/2026\/04\/IMG-20260426-WA0069-1024x729-1.jpg\" alt=\"\" class=\"wp-image-7067\" srcset=\"https:\/\/www.cendis.gob.ve\/wp-content\/uploads\/2026\/04\/IMG-20260426-WA0069-1024x729-1.jpg 1024w, https:\/\/www.cendis.gob.ve\/wp-content\/uploads\/2026\/04\/IMG-20260426-WA0069-1024x729-1-300x214.jpg 300w, https:\/\/www.cendis.gob.ve\/wp-content\/uploads\/2026\/04\/IMG-20260426-WA0069-1024x729-1-768x547.jpg 768w\" sizes=\"(max-width: 1024px) 100vw, 1024px\" \/><\/figure>\n\n\n\n<p>Su responsabilidad estar\u00e1 centrada en el fortalecimiento de la cinematograf\u00eda nacional, la preservaci\u00f3n de la memoria audiovisual venezolana y la promoci\u00f3n de producciones latinoamericanas y nacionales en espacios p\u00fablicos.<\/p>\n\n\n\n<p>Por su parte, Rom\u00e1n Chamorro Guerra fue designado presidente del Centro Nacional Aut\u00f3nomo de Cinematograf\u00eda (CNAC). Licenciado en Comunicaci\u00f3n Social, menci\u00f3n Audiovisual, con estudios de postgrado en Comunicaci\u00f3n de Instituciones P\u00fablicas y Pol\u00edticas en la Universidad Complutense de Madrid, suma m\u00e1s de 35 a\u00f1os de experiencia en comunicaci\u00f3n, mercadeo y producci\u00f3n audiovisual.<\/p>\n\n\n\n<figure class=\"wp-block-image size-full\"><img loading=\"lazy\" decoding=\"async\" width=\"1024\" height=\"844\" src=\"https:\/\/www.cendis.gob.ve\/wp-content\/uploads\/2026\/04\/Screenshot_2026-04-26-11-43-45-383_com.instagram.android-edit-1024x844-1.jpg\" alt=\"\" class=\"wp-image-7068\" srcset=\"https:\/\/www.cendis.gob.ve\/wp-content\/uploads\/2026\/04\/Screenshot_2026-04-26-11-43-45-383_com.instagram.android-edit-1024x844-1.jpg 1024w, https:\/\/www.cendis.gob.ve\/wp-content\/uploads\/2026\/04\/Screenshot_2026-04-26-11-43-45-383_com.instagram.android-edit-1024x844-1-300x247.jpg 300w, https:\/\/www.cendis.gob.ve\/wp-content\/uploads\/2026\/04\/Screenshot_2026-04-26-11-43-45-383_com.instagram.android-edit-1024x844-1-768x633.jpg 768w\" sizes=\"(max-width: 1024px) 100vw, 1024px\" \/><\/figure>\n\n\n\n<p>Entre sus funciones estar\u00e1 fortalecer la pol\u00edtica cinematogr\u00e1fica nacional y garantizar el financiamiento a la producci\u00f3n, promoci\u00f3n y exhibici\u00f3n del cine venezolano.<\/p>\n\n\n\n<p>En el \u00e1mbito editorial, C\u00f3simo Mandrillo Candida asumir\u00e1 la presidencia de Monte \u00c1vila Editores Latinoamericana, C.A. Escritor, docente e investigador, es licenciado en Letras, mag\u00edster en Literatura Venezolana y doctor en Literatura Hisp\u00e1nica por la University of Iowa. Ha sido director de la Feria Internacional del Libro de Maracaibo, de la Fundaci\u00f3n Teatro Baralt y coordinador de la Escuela de Letras de la Universidad del Zulia, adem\u00e1s de jurado del Premio Internacional de Novela R\u00f3mulo Gallegos.<\/p>\n\n\n\n<figure class=\"wp-block-image size-full\"><img loading=\"lazy\" decoding=\"async\" width=\"1024\" height=\"725\" src=\"https:\/\/www.cendis.gob.ve\/wp-content\/uploads\/2026\/04\/IMG-20260426-WA00661-1024x725-1.jpg\" alt=\"\" class=\"wp-image-7069\" srcset=\"https:\/\/www.cendis.gob.ve\/wp-content\/uploads\/2026\/04\/IMG-20260426-WA00661-1024x725-1.jpg 1024w, https:\/\/www.cendis.gob.ve\/wp-content\/uploads\/2026\/04\/IMG-20260426-WA00661-1024x725-1-300x212.jpg 300w, https:\/\/www.cendis.gob.ve\/wp-content\/uploads\/2026\/04\/IMG-20260426-WA00661-1024x725-1-768x544.jpg 768w\" sizes=\"(max-width: 1024px) 100vw, 1024px\" \/><\/figure>\n\n\n\n<p>Su misi\u00f3n principal ser\u00e1 fortalecer la publicaci\u00f3n de obras literarias, ensay\u00edsticas y de pensamiento de autores venezolanos e internacionales.<\/p>\n\n\n\n<p>Finalmente, Omar Salvador Enrique Rangel Espinoza fue designado presidente de la Fundaci\u00f3n Imprenta de la Cultura. Actualmente se desempe\u00f1a como presidente encargado de la Fundaci\u00f3n Distribuidora Venezolana de Cultura y de la Fundaci\u00f3n Librer\u00edas del Sur. Tambi\u00e9n ha ocupado responsabilidades en CANTV, COVETEAL y el Ministerio para las Comunas y Movimientos Sociales.<\/p>\n\n\n\n<figure class=\"wp-block-image size-full\"><img loading=\"lazy\" decoding=\"async\" width=\"699\" height=\"627\" src=\"https:\/\/www.cendis.gob.ve\/wp-content\/uploads\/2026\/04\/IMG-20260426-WA0073.jpg\" alt=\"\" class=\"wp-image-7070\" srcset=\"https:\/\/www.cendis.gob.ve\/wp-content\/uploads\/2026\/04\/IMG-20260426-WA0073.jpg 699w, https:\/\/www.cendis.gob.ve\/wp-content\/uploads\/2026\/04\/IMG-20260426-WA0073-300x269.jpg 300w\" sizes=\"(max-width: 699px) 100vw, 699px\" \/><\/figure>\n\n\n\n<p>Su gesti\u00f3n estar\u00e1 orientada a garantizar la producci\u00f3n de materiales gr\u00e1ficos de alta calidad y a precio justo, promoviendo el acceso al libro y el fortalecimiento del h\u00e1bito lector en la poblaci\u00f3n.<\/p>\n\n\n\n<p>Estas designaciones forman parte de las acciones orientadas al fortalecimiento institucional del Ministerio del Poder Popular para la Cultura y a la consolidaci\u00f3n de pol\u00edticas p\u00fablicas que impulsen el desarrollo cultural de la naci\u00f3n.<\/p>\n\n\n\n<p><strong>T: Prensa MPPC\/Franquis Toledo<\/strong><\/p>\n","protected":false},"excerpt":{"rendered":"<p>Prensa MPPC (26\/04\/2026).-&nbsp;El ministro del Poder Popular para la Cultura, Ra\u00fal Cazal, dio a conocer este domingo 26 de abril, a trav\u00e9s de sus redes sociales, las nuevas designaciones de autoridades en el Ministerio del Poder Popular para la Cultura (MPPC), por instrucciones de la presidenta (E) de la Rep\u00fablica, Delcy Rodr\u00edguez. Entre los nombramientos [&hellip;]<\/p>\n","protected":false},"author":2,"featured_media":7064,"comment_status":"open","ping_status":"open","sticky":false,"template":"","format":"standard","meta":{"footnotes":""},"categories":[10],"tags":[],"class_list":["post-7063","post","type-post","status-publish","format-standard","has-post-thumbnail","hentry","category-noticias"],"_links":{"self":[{"href":"https:\/\/www.cendis.gob.ve\/index.php?rest_route=\/wp\/v2\/posts\/7063"}],"collection":[{"href":"https:\/\/www.cendis.gob.ve\/index.php?rest_route=\/wp\/v2\/posts"}],"about":[{"href":"https:\/\/www.cendis.gob.ve\/index.php?rest_route=\/wp\/v2\/types\/post"}],"author":[{"embeddable":true,"href":"https:\/\/www.cendis.gob.ve\/index.php?rest_route=\/wp\/v2\/users\/2"}],"replies":[{"embeddable":true,"href":"https:\/\/www.cendis.gob.ve\/index.php?rest_route=%2Fwp%2Fv2%2Fcomments&post=7063"}],"version-history":[{"count":1,"href":"https:\/\/www.cendis.gob.ve\/index.php?rest_route=\/wp\/v2\/posts\/7063\/revisions"}],"predecessor-version":[{"id":7072,"href":"https:\/\/www.cendis.gob.ve\/index.php?rest_route=\/wp\/v2\/posts\/7063\/revisions\/7072"}],"wp:featuredmedia":[{"embeddable":true,"href":"https:\/\/www.cendis.gob.ve\/index.php?rest_route=\/wp\/v2\/media\/7064"}],"wp:attachment":[{"href":"https:\/\/www.cendis.gob.ve\/index.php?rest_route=%2Fwp%2Fv2%2Fmedia&parent=7063"}],"wp:term":[{"taxonomy":"category","embeddable":true,"href":"https:\/\/www.cendis.gob.ve\/index.php?rest_route=%2Fwp%2Fv2%2Fcategories&post=7063"},{"taxonomy":"post_tag","embeddable":true,"href":"https:\/\/www.cendis.gob.ve\/index.php?rest_route=%2Fwp%2Fv2%2Ftags&post=7063"}],"curies":[{"name":"wp","href":"https:\/\/api.w.org\/{rel}","templated":true}]}}