{"id":5329,"date":"2025-01-09T16:00:56","date_gmt":"2025-01-09T20:00:56","guid":{"rendered":"https:\/\/www.cendis.gob.ve\/?p=5329"},"modified":"2025-01-28T11:34:30","modified_gmt":"2025-01-28T15:34:30","slug":"resono-la-poesia-y-la-musica-por-la-paz-en-bellas-artes-caracas","status":"publish","type":"post","link":"https:\/\/www.cendis.gob.ve\/?p=5329","title":{"rendered":"Reson\u00f3 la poes\u00eda y la m\u00fasica por la paz en Bellas Artes, Caracas"},"content":{"rendered":"\n<figure class=\"wp-block-embed is-type-video is-provider-youtube wp-block-embed-youtube wp-embed-aspect-16-9 wp-has-aspect-ratio\"><div class=\"wp-block-embed__wrapper\">\n<iframe title=\"Reson\u00f3 la poes\u00eda y la m\u00fasica por la paz en Bellas Artes, Caracas\" width=\"800\" height=\"450\" src=\"https:\/\/www.youtube.com\/embed\/9a77xy0U-qQ?feature=oembed\" frameborder=\"0\" allow=\"accelerometer; autoplay; clipboard-write; encrypted-media; gyroscope; picture-in-picture; web-share\" referrerpolicy=\"strict-origin-when-cross-origin\" allowfullscreen><\/iframe>\n<\/div><\/figure>\n\n\n\n<figure class=\"wp-block-embed is-type-video is-provider-youtube wp-block-embed-youtube wp-embed-aspect-16-9 wp-has-aspect-ratio\"><div class=\"wp-block-embed__wrapper\">\n<iframe title=\"Reson\u00f3 la poes\u00eda y la m\u00fasica por la paz en Bellas Artes, Caracas, Segundo dia\" width=\"800\" height=\"450\" src=\"https:\/\/www.youtube.com\/embed\/kFErAwXzicU?feature=oembed\" frameborder=\"0\" allow=\"accelerometer; autoplay; clipboard-write; encrypted-media; gyroscope; picture-in-picture; web-share\" referrerpolicy=\"strict-origin-when-cross-origin\" allowfullscreen><\/iframe>\n<\/div><\/figure>\n\n\n\n<p class=\"has-text-align-left\">Como un acto de resistencia contra el fascismo, 300 invitados internacionales de 20 pa\u00edses se reunieron en el Eje del Buen Vivir, en Bellas Artes, Caracas, para iniciar las actividades previstas en la agenda con motivo al Festival Internacional Antifascista por un Nuevo Mundo, que se realiza en el pa\u00eds desde este martes 7 hasta el lunes 13 de enero. <\/p>\n\n\n\n<p class=\"has-text-align-left\">El evento cont\u00f3 con la participaci\u00f3n de destacados poetas,m\u00fasicos, movimientos sociales y pol\u00edticos que compartieron talentos para crear un espacio de reflexi\u00f3n y alertar sobre los peligros del fascismo y la necesidad de reafirmar el valor democr\u00e1tico de las naciones, espec\u00edficamente de Venezuela. El viceministro de Cultura Audiovisual del Ministerio del Poder Popular para la Cultura, Sergio Arria, indic\u00f3 en su derecho de palabra que \u201ca pesar de nuestras diferencias,todos formamos parte de este planeta que tenemos que defender (\u2026) <\/p>\n\n\n\n<p class=\"has-text-align-left\">Desde el pensamiento cr\u00edtico, de la lucha social, en defensa de la humanidad, en defensa de la autoderminaci\u00f3n de los pueblos, de la soberan\u00eda, en defensa de la paz, estamos todos los d\u00edas confrontando y enfrentando este contexto de batalla cultural\u201d. Asimismo, agreg\u00f3, que gracias al presidente Nicol\u00e1s Maduro Moros; el canciller de la Rep\u00fablica, Iv\u00e1n Gil; el ministro del Poder Popular para la Cultura, Ernesto Villegas; y el coordinador-promotor del Festival, Rander Pe\u00f1a; \u201chemos querido ofrecerles una noche de m\u00fasica y poes\u00eda por la paz. Porque consideramos que gran parte de esta batalla necesitauna batalla contra el fascismo, contra el imperialismo, contra el colonialismo. Necesitamos revitalizar la herramienta de la canci\u00f3n, de la poes\u00eda, para convertirla en un arma potente que nos ayude desde la subjetividad disputar al enemigo. Un complejo enemigo como es el capitalismo, el colonialismo, el injerencismo\u201d. <\/p>\n\n\n\n<p class=\"has-text-align-left\">Por su parte, el compositor, trovador, poeta mirandino,Leonel Ru\u00edz, agradeci\u00f3 la presencia de los movimientos sociales y dem\u00e1s asistentes a \u201cla Patria de Bol\u00edvar, la Patria de Hugo Ch\u00e1vez (\u2026) la Patria que en este momento se juega el futuro de la humanidad. Donde est\u00e1 la vor\u00e1gine de la lucha contra el flagelo terrible que se llama fascismo, y todos sus derivados como el sionismo. As\u00ed que los invito a este recital que es un abrazo desde el canto de todos, desde la canci\u00f3n social, desde lo profundo de nuestros corazones y desde nuestras voces\u201d, agreg\u00f3. Adem\u00e1s de Ru\u00edz, Elena Gil, Fabiola Jos\u00e9, Fidel Barbarito, Martha Doudier acompa\u00f1aron con sus voces y su m\u00fasica el encuentro de la mano con los poetas Jos\u00e9 Javier S\u00e1nchez (Venezuela), Roger Herrera (Venezuela), Stephanie Rojas Wagner (Colombia) y Ximena Ben\u00edtez (Venezuela), respectivamente. El objetivo principal del Festival es acompa\u00f1ar al pueblo venezolano durante la toma de posesi\u00f3n del presidente Constitucional de la Rep\u00fablica Bolivariana de Venezuela, Nicol\u00e1s Maduro Moros este pr\u00f3ximo 10 de enero de 2025.<\/p>\n\n\n\n<p><\/p>\n","protected":false},"excerpt":{"rendered":"<p>Como un acto de resistencia contra el fascismo, 300 invitados internacionales de 20 pa\u00edses se reunieron en el Eje del Buen Vivir, en Bellas Artes, Caracas, para iniciar las actividades previstas en la agenda con motivo al Festival Internacional Antifascista por un Nuevo Mundo, que se realiza en el pa\u00eds desde este martes 7 hasta [&hellip;]<\/p>\n","protected":false},"author":4,"featured_media":5461,"comment_status":"open","ping_status":"open","sticky":false,"template":"","format":"standard","meta":{"footnotes":""},"categories":[10],"tags":[42,50,125],"class_list":["post-5329","post","type-post","status-publish","format-standard","has-post-thumbnail","hentry","category-noticias","tag-caracas","tag-concierto","tag-recital"],"_links":{"self":[{"href":"https:\/\/www.cendis.gob.ve\/index.php?rest_route=\/wp\/v2\/posts\/5329"}],"collection":[{"href":"https:\/\/www.cendis.gob.ve\/index.php?rest_route=\/wp\/v2\/posts"}],"about":[{"href":"https:\/\/www.cendis.gob.ve\/index.php?rest_route=\/wp\/v2\/types\/post"}],"author":[{"embeddable":true,"href":"https:\/\/www.cendis.gob.ve\/index.php?rest_route=\/wp\/v2\/users\/4"}],"replies":[{"embeddable":true,"href":"https:\/\/www.cendis.gob.ve\/index.php?rest_route=%2Fwp%2Fv2%2Fcomments&post=5329"}],"version-history":[{"count":1,"href":"https:\/\/www.cendis.gob.ve\/index.php?rest_route=\/wp\/v2\/posts\/5329\/revisions"}],"predecessor-version":[{"id":5331,"href":"https:\/\/www.cendis.gob.ve\/index.php?rest_route=\/wp\/v2\/posts\/5329\/revisions\/5331"}],"wp:featuredmedia":[{"embeddable":true,"href":"https:\/\/www.cendis.gob.ve\/index.php?rest_route=\/wp\/v2\/media\/5461"}],"wp:attachment":[{"href":"https:\/\/www.cendis.gob.ve\/index.php?rest_route=%2Fwp%2Fv2%2Fmedia&parent=5329"}],"wp:term":[{"taxonomy":"category","embeddable":true,"href":"https:\/\/www.cendis.gob.ve\/index.php?rest_route=%2Fwp%2Fv2%2Fcategories&post=5329"},{"taxonomy":"post_tag","embeddable":true,"href":"https:\/\/www.cendis.gob.ve\/index.php?rest_route=%2Fwp%2Fv2%2Ftags&post=5329"}],"curies":[{"name":"wp","href":"https:\/\/api.w.org\/{rel}","templated":true}]}}