{"id":3936,"date":"2022-12-06T16:08:00","date_gmt":"2022-12-06T20:08:00","guid":{"rendered":"https:\/\/www.cendis.gob.ve\/?p=3936"},"modified":"2024-12-17T16:10:50","modified_gmt":"2024-12-17T20:10:50","slug":"%f0%9d%98%be%f0%9d%99%a4%f0%9d%99%a3%f0%9d%99%98%f0%9d%99%9e%f0%9d%99%9a%f0%9d%99%a7%f0%9d%99%a9%f0%9d%99%a4-%f0%9d%98%bc%f0%9d%99%9c%f0%9d%99%a7%f0%9d%99%aa%f0%9d%99%a5%f0%9d%99%96%f0%9d%99%98-2","status":"publish","type":"post","link":"https:\/\/www.cendis.gob.ve\/?p=3936","title":{"rendered":"\ud835\ude3e\ud835\ude64\ud835\ude63\ud835\ude58\ud835\ude5e\ud835\ude5a\ud835\ude67\ud835\ude69\ud835\ude64 \ud835\ude3c\ud835\ude5c\ud835\ude67\ud835\ude6a\ud835\ude65\ud835\ude56\ud835\ude58\ud835\ude5e\u00f3\ud835\ude63 &#8220;\ud835\ude4f\ud835\ude56\ud835\ude62\ud835\ude57\ud835\ude64\ud835\ude67 \ud835\ude6e \ud835\ude42\ud835\ude61\ud835\ude64\ud835\ude67\ud835\ude5e\ud835\ude56&#8221;"},"content":{"rendered":"\n<figure class=\"wp-block-embed is-type-video is-provider-youtube wp-block-embed-youtube wp-embed-aspect-16-9 wp-has-aspect-ratio\"><div class=\"wp-block-embed__wrapper\">\n<iframe title=\"\ud835\ude3e\ud835\ude64\ud835\ude63\ud835\ude58\ud835\ude5e\ud835\ude5a\ud835\ude67\ud835\ude69\ud835\ude64 \ud835\ude3c\ud835\ude5c\ud835\ude67\ud835\ude6a\ud835\ude65\ud835\ude56\ud835\ude58\ud835\ude5e\u00f3\ud835\ude63 &quot;\ud835\ude4f\ud835\ude56\ud835\ude62\ud835\ude57\ud835\ude64\ud835\ude67 \ud835\ude6e \ud835\ude42\ud835\ude61\ud835\ude64\ud835\ude67\ud835\ude5e\ud835\ude56&quot;. ( \ud835\ude4e\ud835\ude5a\ud835\ude68\ud835\ude5e\ud835\ude64\ud835\ude63\ud835\ude5a\ud835\ude68 \ud835\ude3e\ud835\ude5a\ud835\ude63\ud835\ude59\ud835\ude5e\ud835\ude68)\" width=\"800\" height=\"450\" src=\"https:\/\/www.youtube.com\/embed\/mXE3wT5zZyU?feature=oembed\" frameborder=\"0\" allow=\"accelerometer; autoplay; clipboard-write; encrypted-media; gyroscope; picture-in-picture; web-share\" referrerpolicy=\"strict-origin-when-cross-origin\" allowfullscreen><\/iframe>\n<\/div><\/figure>\n\n\n\n<p>La agrupaci\u00f3n Tambor y Gloria present\u00f3 un vibrante y emotivo repertorio que incluy\u00f3 una variedad de temas tradicionales y composiciones propias. Comenzaron con un \u201cPopurr\u00ed de Parranda\u201d, que fusiona los g\u00e9neros de aguinaldo, parranda y tambor, con composiciones de Laureano Ladera y m\u00fasica tradicional de los pueblos de Cata, Curiepe y Cuyagua, arregladas por Tambor y Gloria. Luego interpretaron \u201cCaballito Blanco\u201d, una parranda-aguinaldo del estado Aragua, tambi\u00e9n con arreglos del grupo, seguido de \u201cRosa\u201d, otra parranda tradicional del pueblo de Cata, Aragua. Continuaron con \u201c3 Palomas Blancas\u201d y \u201cSi fueras al cielo\u201d, ambos aguinaldos tradicionales de Cata, arreglados por la agrupaci\u00f3n. La presentaci\u00f3n incluy\u00f3 adem\u00e1s \u201cLa mujer del campo\u201d y \u201cLa Pollera Colora\u201d, esta \u00faltima una composici\u00f3n tradicional del pueblo de Cata, Aragua, todas arregladas por Tambor y Gloria.<\/p>\n\n\n\n<p>Los m\u00fasicos que participaron en esta actuaci\u00f3n fueron Jos\u00e9 Luis Pacheco en el tres, Milagros Figuera en el cuatro, Domicio Dugarte en el bajo, Belkys Figuera como solista y coros, Iv\u00e1n Jos\u00e9 Lira en la voz solista y percusi\u00f3n menor, Ivanna Lira en la voz solista y coros, Carlos D\u00edaz en la percusi\u00f3n y coros, C\u00e9sar D\u00edaz en la percusi\u00f3n, Ger\u00f3nima Mu\u00f1oz como cantante y coros, Yondys D\u00edaz en la percusi\u00f3n, y Sulyn Villarruel en la percusi\u00f3n. Cada interpretaci\u00f3n resalt\u00f3 la riqueza del folklore venezolano y la energ\u00eda contagiosa de la parranda y el tambor, dejando al p\u00fablico encantado con la tradici\u00f3n musical del pa\u00eds.<\/p>\n","protected":false},"excerpt":{"rendered":"<p>La agrupaci\u00f3n Tambor y Gloria present\u00f3 un vibrante y emotivo repertorio que incluy\u00f3 una variedad de temas tradicionales y composiciones propias. Comenzaron con un \u201cPopurr\u00ed de Parranda\u201d, que fusiona los g\u00e9neros de aguinaldo, parranda y tambor, con composiciones de Laureano Ladera y m\u00fasica tradicional de los pueblos de Cata, Curiepe y Cuyagua, arregladas por Tambor [&hellip;]<\/p>\n","protected":false},"author":4,"featured_media":3942,"comment_status":"open","ping_status":"open","sticky":false,"template":"","format":"standard","meta":{"footnotes":""},"categories":[67],"tags":[],"class_list":["post-3936","post","type-post","status-publish","format-standard","has-post-thumbnail","hentry","category-sesiones"],"_links":{"self":[{"href":"https:\/\/www.cendis.gob.ve\/index.php?rest_route=\/wp\/v2\/posts\/3936"}],"collection":[{"href":"https:\/\/www.cendis.gob.ve\/index.php?rest_route=\/wp\/v2\/posts"}],"about":[{"href":"https:\/\/www.cendis.gob.ve\/index.php?rest_route=\/wp\/v2\/types\/post"}],"author":[{"embeddable":true,"href":"https:\/\/www.cendis.gob.ve\/index.php?rest_route=\/wp\/v2\/users\/4"}],"replies":[{"embeddable":true,"href":"https:\/\/www.cendis.gob.ve\/index.php?rest_route=%2Fwp%2Fv2%2Fcomments&post=3936"}],"version-history":[{"count":1,"href":"https:\/\/www.cendis.gob.ve\/index.php?rest_route=\/wp\/v2\/posts\/3936\/revisions"}],"predecessor-version":[{"id":3943,"href":"https:\/\/www.cendis.gob.ve\/index.php?rest_route=\/wp\/v2\/posts\/3936\/revisions\/3943"}],"wp:featuredmedia":[{"embeddable":true,"href":"https:\/\/www.cendis.gob.ve\/index.php?rest_route=\/wp\/v2\/media\/3942"}],"wp:attachment":[{"href":"https:\/\/www.cendis.gob.ve\/index.php?rest_route=%2Fwp%2Fv2%2Fmedia&parent=3936"}],"wp:term":[{"taxonomy":"category","embeddable":true,"href":"https:\/\/www.cendis.gob.ve\/index.php?rest_route=%2Fwp%2Fv2%2Fcategories&post=3936"},{"taxonomy":"post_tag","embeddable":true,"href":"https:\/\/www.cendis.gob.ve\/index.php?rest_route=%2Fwp%2Fv2%2Ftags&post=3936"}],"curies":[{"name":"wp","href":"https:\/\/api.w.org\/{rel}","templated":true}]}}