{"id":3930,"date":"2022-12-13T16:04:00","date_gmt":"2022-12-13T20:04:00","guid":{"rendered":"https:\/\/www.cendis.gob.ve\/?p=3930"},"modified":"2024-12-17T16:07:29","modified_gmt":"2024-12-17T20:07:29","slug":"%f0%9d%98%be%f0%9d%99%a4%f0%9d%99%a3%f0%9d%99%98%f0%9d%99%9e%f0%9d%99%9a%f0%9d%99%a7%f0%9d%99%a9%f0%9d%99%a4-%f0%9d%99%95%f0%9d%99%96%f0%9d%99%a5%f0%9d%99%9a%f0%9d%99%a7%f0%9d%99%a4%f0%9d%99%98","status":"publish","type":"post","link":"https:\/\/www.cendis.gob.ve\/?p=3930","title":{"rendered":"\ud835\ude3e\ud835\ude64\ud835\ude63\ud835\ude58\ud835\ude5e\ud835\ude5a\ud835\ude67\ud835\ude69\ud835\ude64 \ud835\ude55\ud835\ude56\ud835\ude65\ud835\ude5a\ud835\ude67\ud835\ude64\ud835\ude58\ud835\ude64 \ud835\ude48\ud835\ude6a\ud835\ude68\ud835\ude5e\ud835\ude58\ud835\ude56\ud835\ude61"},"content":{"rendered":"\n<figure class=\"wp-block-embed is-type-video is-provider-youtube wp-block-embed-youtube wp-embed-aspect-16-9 wp-has-aspect-ratio\"><div class=\"wp-block-embed__wrapper\">\n<iframe title=\"\ud835\ude3e\ud835\ude64\ud835\ude63\ud835\ude58\ud835\ude5e\ud835\ude5a\ud835\ude67\ud835\ude69\ud835\ude64 \ud835\ude55\ud835\ude56\ud835\ude65\ud835\ude5a\ud835\ude67\ud835\ude64\ud835\ude58\ud835\ude64 \ud835\ude48\ud835\ude6a\ud835\ude68\ud835\ude5e\ud835\ude58\ud835\ude56\ud835\ude61 (\ud835\ude4e\ud835\ude5a\ud835\ude68\ud835\ude5e\ud835\ude64\ud835\ude63\ud835\ude5a\ud835\ude68 \ud835\ude3e\ud835\ude5a\ud835\ude63\ud835\ude59\ud835\ude5e\ud835\ude68)\" width=\"800\" height=\"450\" src=\"https:\/\/www.youtube.com\/embed\/PPPUQpRYMvQ?feature=oembed\" frameborder=\"0\" allow=\"accelerometer; autoplay; clipboard-write; encrypted-media; gyroscope; picture-in-picture; web-share\" referrerpolicy=\"strict-origin-when-cross-origin\" allowfullscreen><\/iframe>\n<\/div><\/figure>\n\n\n\n<p>Zaperoco Musical, integrado por Isabel Toledo en la voz y Jos\u00e9 Castro en la guitarra electrocl\u00e1sica, present\u00f3 un repertorio variado y atractivo. Interpretaron &#8220;Atardecer&#8221; de Luis Laguna, con arreglos de Jos\u00e9 Castro, &#8220;Acidito \/ El espanto&#8221; de Adelis Fr\u00e9itez, tambi\u00e9n arreglada por Jos\u00e9 Castro, &#8220;Oriente es otro color&#8221; de Henry Mart\u00ednez, con arreglos de Jos\u00e9 Castro, y &#8220;Al\u00fambrame el zagu\u00e1n&#8221; de Hugo Blanco, con arreglos del mismo Zaperoco Musical. Adem\u00e1s, interpretaron &#8220;El cocuy nos une&#8221; compuesta por Isabel Toledo, con arreglos de Jos\u00e9 Castro. La actuaci\u00f3n mostr\u00f3 una combinaci\u00f3n de talento vocal e instrumental, destacando la creatividad y armon\u00eda del d\u00fao.<\/p>\n","protected":false},"excerpt":{"rendered":"<p>Zaperoco Musical, integrado por Isabel Toledo en la voz y Jos\u00e9 Castro en la guitarra electrocl\u00e1sica, present\u00f3 un repertorio variado y atractivo. Interpretaron &#8220;Atardecer&#8221; de Luis Laguna, con arreglos de Jos\u00e9 Castro, &#8220;Acidito \/ El espanto&#8221; de Adelis Fr\u00e9itez, tambi\u00e9n arreglada por Jos\u00e9 Castro, &#8220;Oriente es otro color&#8221; de Henry Mart\u00ednez, con arreglos de Jos\u00e9 [&hellip;]<\/p>\n","protected":false},"author":4,"featured_media":3932,"comment_status":"open","ping_status":"open","sticky":false,"template":"","format":"standard","meta":{"footnotes":""},"categories":[67],"tags":[],"class_list":["post-3930","post","type-post","status-publish","format-standard","has-post-thumbnail","hentry","category-sesiones"],"_links":{"self":[{"href":"https:\/\/www.cendis.gob.ve\/index.php?rest_route=\/wp\/v2\/posts\/3930"}],"collection":[{"href":"https:\/\/www.cendis.gob.ve\/index.php?rest_route=\/wp\/v2\/posts"}],"about":[{"href":"https:\/\/www.cendis.gob.ve\/index.php?rest_route=\/wp\/v2\/types\/post"}],"author":[{"embeddable":true,"href":"https:\/\/www.cendis.gob.ve\/index.php?rest_route=\/wp\/v2\/users\/4"}],"replies":[{"embeddable":true,"href":"https:\/\/www.cendis.gob.ve\/index.php?rest_route=%2Fwp%2Fv2%2Fcomments&post=3930"}],"version-history":[{"count":1,"href":"https:\/\/www.cendis.gob.ve\/index.php?rest_route=\/wp\/v2\/posts\/3930\/revisions"}],"predecessor-version":[{"id":3933,"href":"https:\/\/www.cendis.gob.ve\/index.php?rest_route=\/wp\/v2\/posts\/3930\/revisions\/3933"}],"wp:featuredmedia":[{"embeddable":true,"href":"https:\/\/www.cendis.gob.ve\/index.php?rest_route=\/wp\/v2\/media\/3932"}],"wp:attachment":[{"href":"https:\/\/www.cendis.gob.ve\/index.php?rest_route=%2Fwp%2Fv2%2Fmedia&parent=3930"}],"wp:term":[{"taxonomy":"category","embeddable":true,"href":"https:\/\/www.cendis.gob.ve\/index.php?rest_route=%2Fwp%2Fv2%2Fcategories&post=3930"},{"taxonomy":"post_tag","embeddable":true,"href":"https:\/\/www.cendis.gob.ve\/index.php?rest_route=%2Fwp%2Fv2%2Ftags&post=3930"}],"curies":[{"name":"wp","href":"https:\/\/api.w.org\/{rel}","templated":true}]}}