{"id":3907,"date":"2023-01-12T15:38:00","date_gmt":"2023-01-12T19:38:00","guid":{"rendered":"https:\/\/www.cendis.gob.ve\/?p=3907"},"modified":"2024-12-20T20:23:19","modified_gmt":"2024-12-21T00:23:19","slug":"%f0%9d%98%be%f0%9d%99%a4%f0%9d%99%a3%f0%9d%99%98%f0%9d%99%9e%f0%9d%99%9a%f0%9d%99%a7%f0%9d%99%a9%f0%9d%99%a4-%f0%9d%99%99%f0%9d%99%9a-%f0%9d%99%a1%f0%9d%99%96-%f0%9d%98%be%f0%9d%99%96%f0%9d%99%a3","status":"publish","type":"post","link":"https:\/\/www.cendis.gob.ve\/?p=3907","title":{"rendered":"Concierto de la Cantor\u00eda Universitaria Sim\u00f3n Bol\u00edvar"},"content":{"rendered":"\n<figure class=\"wp-block-embed is-type-video is-provider-youtube wp-block-embed-youtube wp-embed-aspect-16-9 wp-has-aspect-ratio\"><div class=\"wp-block-embed__wrapper\">\n<iframe title=\"\ud835\ude3e\ud835\ude64\ud835\ude63\ud835\ude58\ud835\ude5e\ud835\ude5a\ud835\ude67\ud835\ude69\ud835\ude64 \ud835\ude59\ud835\ude5a \ud835\ude61\ud835\ude56 \ud835\ude3e\ud835\ude56\ud835\ude63\ud835\ude69\ud835\ude64\ud835\ude67\u00ed\ud835\ude56 \ud835\ude50\ud835\ude63\ud835\ude5e\ud835\ude6b\ud835\ude5a\ud835\ude67\ud835\ude68\ud835\ude5e\ud835\ude69\ud835\ude56\ud835\ude67\ud835\ude5e\ud835\ude56 \ud835\ude4e\ud835\ude5e\ud835\ude62\u00f3\ud835\ude63 \ud835\ude3d\ud835\ude64\ud835\ude61\u00ed\ud835\ude6b\ud835\ude56\ud835\ude67 (\ud835\ude4e\ud835\ude5a\ud835\ude68\ud835\ude5e\ud835\ude64\ud835\ude63\ud835\ude5a\ud835\ude68 \ud835\ude3e\ud835\ude5a\ud835\ude63\ud835\ude59\ud835\ude5e\ud835\ude68)\" width=\"800\" height=\"450\" src=\"https:\/\/www.youtube.com\/embed\/RD4lzhVB9_s?feature=oembed\" frameborder=\"0\" allow=\"accelerometer; autoplay; clipboard-write; encrypted-media; gyroscope; picture-in-picture; web-share\" referrerpolicy=\"strict-origin-when-cross-origin\" allowfullscreen><\/iframe>\n<\/div><\/figure>\n\n\n\n<p>La Cantor\u00eda Universitaria Sim\u00f3n Bol\u00edvar, bajo la direcci\u00f3n de Jes\u00fas Ponce Barreto, present\u00f3 un repertorio variado y emotivo. Interpretaron &#8220;Salve&#8221;, recopilada y armonizada por Vicente Emilio Sojo, con Sof\u00eda Espinoza como solista; &#8220;\u00bfD\u00f3nde Vives?&#8221; de Otilio Gal\u00edndez, arreglada por Gilberto Rebolledo; &#8220;Reina Mestiza&#8221; de Abdenago Borjas, con arreglo de Rafael \u00c1lvarez y Jes\u00fas Ponce Barreto como solista; &#8220;Este Son homenaje&#8221; de Juan Almeida, arreglada por Conrado Monier y con Lesbia Mayora como solista; &#8220;La Pascua es hermosa&#8221; de Luis Mariano Rivera, con arreglo de Rafael Su\u00e1rez; y &#8220;Preciosa Meride\u00f1a&#8221; de Pedro Jos\u00e9 Castellano, con arreglo de Omar Simoza y Kenny Fern\u00e1ndez y Sof\u00eda Espinoza como solistas.<\/p>\n\n\n\n<p>La agrupaci\u00f3n incluy\u00f3 a Kenny Fern\u00e1ndez, Sof\u00eda Villegas, Venus Medina, Yojacni Echeverr\u00eda, Sof\u00eda Espinoza, G\u00e9nesis P\u00e9rez, Zaira Ar\u00e9valo, Yudelkis Rengifo, Rub\u00e9n Hurtado, Julio Le\u00f3n, Nelson Labrador, Uriel Echenique y Lesbia Mayora como cantantes, y Yajaira Le\u00f3n como asesora vocal. Esta presentaci\u00f3n destac\u00f3 la armon\u00eda y el talento vocal de cada integrante, as\u00ed como la riqueza del repertorio escogido.<\/p>\n\n\n\n<p><\/p>\n\n\n\n<p><\/p>\n","protected":false},"excerpt":{"rendered":"<p>La Cantor\u00eda Universitaria Sim\u00f3n Bol\u00edvar, bajo la direcci\u00f3n de Jes\u00fas Ponce Barreto, present\u00f3 un repertorio variado y emotivo. Interpretaron &#8220;Salve&#8221;, recopilada y armonizada por Vicente Emilio Sojo, con Sof\u00eda Espinoza como solista; &#8220;\u00bfD\u00f3nde Vives?&#8221; de Otilio Gal\u00edndez, arreglada por Gilberto Rebolledo; &#8220;Reina Mestiza&#8221; de Abdenago Borjas, con arreglo de Rafael \u00c1lvarez y Jes\u00fas Ponce Barreto [&hellip;]<\/p>\n","protected":false},"author":4,"featured_media":3908,"comment_status":"open","ping_status":"open","sticky":false,"template":"","format":"standard","meta":{"footnotes":""},"categories":[67],"tags":[],"class_list":["post-3907","post","type-post","status-publish","format-standard","has-post-thumbnail","hentry","category-sesiones"],"_links":{"self":[{"href":"https:\/\/www.cendis.gob.ve\/index.php?rest_route=\/wp\/v2\/posts\/3907"}],"collection":[{"href":"https:\/\/www.cendis.gob.ve\/index.php?rest_route=\/wp\/v2\/posts"}],"about":[{"href":"https:\/\/www.cendis.gob.ve\/index.php?rest_route=\/wp\/v2\/types\/post"}],"author":[{"embeddable":true,"href":"https:\/\/www.cendis.gob.ve\/index.php?rest_route=\/wp\/v2\/users\/4"}],"replies":[{"embeddable":true,"href":"https:\/\/www.cendis.gob.ve\/index.php?rest_route=%2Fwp%2Fv2%2Fcomments&post=3907"}],"version-history":[{"count":2,"href":"https:\/\/www.cendis.gob.ve\/index.php?rest_route=\/wp\/v2\/posts\/3907\/revisions"}],"predecessor-version":[{"id":4707,"href":"https:\/\/www.cendis.gob.ve\/index.php?rest_route=\/wp\/v2\/posts\/3907\/revisions\/4707"}],"wp:featuredmedia":[{"embeddable":true,"href":"https:\/\/www.cendis.gob.ve\/index.php?rest_route=\/wp\/v2\/media\/3908"}],"wp:attachment":[{"href":"https:\/\/www.cendis.gob.ve\/index.php?rest_route=%2Fwp%2Fv2%2Fmedia&parent=3907"}],"wp:term":[{"taxonomy":"category","embeddable":true,"href":"https:\/\/www.cendis.gob.ve\/index.php?rest_route=%2Fwp%2Fv2%2Fcategories&post=3907"},{"taxonomy":"post_tag","embeddable":true,"href":"https:\/\/www.cendis.gob.ve\/index.php?rest_route=%2Fwp%2Fv2%2Ftags&post=3907"}],"curies":[{"name":"wp","href":"https:\/\/api.w.org\/{rel}","templated":true}]}}