{"id":3903,"date":"2023-01-17T15:35:00","date_gmt":"2023-01-17T19:35:00","guid":{"rendered":"https:\/\/www.cendis.gob.ve\/?p=3903"},"modified":"2024-12-20T20:21:21","modified_gmt":"2024-12-21T00:21:21","slug":"%f0%9d%98%be%f0%9d%99%a4%f0%9d%99%a3%f0%9d%99%98%f0%9d%99%9e%f0%9d%99%9a%f0%9d%99%a7%f0%9d%99%a9%f0%9d%99%a4-%f0%9d%99%99%f0%9d%99%9a-%f0%9d%99%92%f0%9d%99%9e%f0%9d%99%a1%f0%9d%99%a1%f0%9d%99%9e","status":"publish","type":"post","link":"https:\/\/www.cendis.gob.ve\/?p=3903","title":{"rendered":"Concierto de William Garc\u00eda, entre panas"},"content":{"rendered":"\n<figure class=\"wp-block-embed is-type-video is-provider-youtube wp-block-embed-youtube wp-embed-aspect-16-9 wp-has-aspect-ratio\"><div class=\"wp-block-embed__wrapper\">\n<iframe title=\"\ud835\ude3e\ud835\ude64\ud835\ude63\ud835\ude58\ud835\ude5e\ud835\ude5a\ud835\ude67\ud835\ude69\ud835\ude64 \ud835\ude59\ud835\ude5a \ud835\ude52\ud835\ude5e\ud835\ude61\ud835\ude61\ud835\ude5e\ud835\ude56\ud835\ude62 \ud835\ude42\ud835\ude56\ud835\ude67\ud835\ude58\u00ed\ud835\ude56, \ud835\ude5a\ud835\ude63\ud835\ude69\ud835\ude67\ud835\ude5a \ud835\ude65\ud835\ude56\ud835\ude63\ud835\ude56\ud835\ude68.(\ud835\ude4e\ud835\ude5a\ud835\ude68\ud835\ude5e\ud835\ude64\ud835\ude63\ud835\ude5a\ud835\ude68 \ud835\ude3e\ud835\ude5a\ud835\ude63\ud835\ude59\ud835\ude5e\ud835\ude68)\" width=\"800\" height=\"450\" src=\"https:\/\/www.youtube.com\/embed\/MzYtft_N_mY?feature=oembed\" frameborder=\"0\" allow=\"accelerometer; autoplay; clipboard-write; encrypted-media; gyroscope; picture-in-picture; web-share\" referrerpolicy=\"strict-origin-when-cross-origin\" allowfullscreen><\/iframe>\n<\/div><\/figure>\n\n\n\n<p>William Garc\u00eda, acompa\u00f1ado por un talentoso grupo de m\u00fasicos, present\u00f3 un variado y emotivo repertorio. Interpretaron &#8220;Capullo de Rosa&#8221; con autor\u00eda de Alexis Cede\u00f1o y composici\u00f3n de William Garc\u00eda; un popurr\u00ed que incluye &#8220;Anhelante&#8221; de Jos\u00e9 Pollo Sifontes, &#8220;La Bikina&#8221; de Rub\u00e9n Fuentes y &#8220;La Carta&#8221; de Enrique Hidalgo; &#8220;Sea la Luz&#8221; compuesta y arreglada por William Garc\u00eda; &#8220;Las 2 Luisas&#8221; de Remigio &#8220;Morocho&#8221; Fuentes; y &#8220;Juan Bautista&#8221; de William Garc\u00eda.<\/p>\n\n\n\n<p>Los m\u00fasicos que lo acompa\u00f1aron fueron Jos\u00e9 Mart\u00ednez en las maracas, William Garc\u00eda en la mandolina, Marco Mayaudon en el cuatro, Luis Ram\u00edrez en el piano, Darwin Lathan en el bajo y Carlos Eduardo Chac\u00f3n Calder\u00f3n en la percusi\u00f3n. Esta presentaci\u00f3n destac\u00f3 la versatilidad y el talento de cada uno de los m\u00fasicos, as\u00ed como la capacidad de Garc\u00eda para combinar diferentes estilos y emociones en su m\u00fasica.<\/p>\n","protected":false},"excerpt":{"rendered":"<p>William Garc\u00eda, acompa\u00f1ado por un talentoso grupo de m\u00fasicos, present\u00f3 un variado y emotivo repertorio. Interpretaron &#8220;Capullo de Rosa&#8221; con autor\u00eda de Alexis Cede\u00f1o y composici\u00f3n de William Garc\u00eda; un popurr\u00ed que incluye &#8220;Anhelante&#8221; de Jos\u00e9 Pollo Sifontes, &#8220;La Bikina&#8221; de Rub\u00e9n Fuentes y &#8220;La Carta&#8221; de Enrique Hidalgo; &#8220;Sea la Luz&#8221; compuesta y arreglada [&hellip;]<\/p>\n","protected":false},"author":4,"featured_media":3904,"comment_status":"open","ping_status":"open","sticky":false,"template":"","format":"standard","meta":{"footnotes":""},"categories":[67],"tags":[99,110,118,105,117],"class_list":["post-3903","post","type-post","status-publish","format-standard","has-post-thumbnail","hentry","category-sesiones","tag-bajo","tag-cuatro","tag-mandolina","tag-piano","tag-popurri"],"_links":{"self":[{"href":"https:\/\/www.cendis.gob.ve\/index.php?rest_route=\/wp\/v2\/posts\/3903"}],"collection":[{"href":"https:\/\/www.cendis.gob.ve\/index.php?rest_route=\/wp\/v2\/posts"}],"about":[{"href":"https:\/\/www.cendis.gob.ve\/index.php?rest_route=\/wp\/v2\/types\/post"}],"author":[{"embeddable":true,"href":"https:\/\/www.cendis.gob.ve\/index.php?rest_route=\/wp\/v2\/users\/4"}],"replies":[{"embeddable":true,"href":"https:\/\/www.cendis.gob.ve\/index.php?rest_route=%2Fwp%2Fv2%2Fcomments&post=3903"}],"version-history":[{"count":2,"href":"https:\/\/www.cendis.gob.ve\/index.php?rest_route=\/wp\/v2\/posts\/3903\/revisions"}],"predecessor-version":[{"id":4706,"href":"https:\/\/www.cendis.gob.ve\/index.php?rest_route=\/wp\/v2\/posts\/3903\/revisions\/4706"}],"wp:featuredmedia":[{"embeddable":true,"href":"https:\/\/www.cendis.gob.ve\/index.php?rest_route=\/wp\/v2\/media\/3904"}],"wp:attachment":[{"href":"https:\/\/www.cendis.gob.ve\/index.php?rest_route=%2Fwp%2Fv2%2Fmedia&parent=3903"}],"wp:term":[{"taxonomy":"category","embeddable":true,"href":"https:\/\/www.cendis.gob.ve\/index.php?rest_route=%2Fwp%2Fv2%2Fcategories&post=3903"},{"taxonomy":"post_tag","embeddable":true,"href":"https:\/\/www.cendis.gob.ve\/index.php?rest_route=%2Fwp%2Fv2%2Ftags&post=3903"}],"curies":[{"name":"wp","href":"https:\/\/api.w.org\/{rel}","templated":true}]}}