{"id":3890,"date":"2023-01-31T15:22:00","date_gmt":"2023-01-31T19:22:00","guid":{"rendered":"https:\/\/www.cendis.gob.ve\/?p=3890"},"modified":"2024-12-20T20:15:00","modified_gmt":"2024-12-21T00:15:00","slug":"%f0%9d%98%be%f0%9d%99%a4%f0%9d%99%a3%f0%9d%99%98%f0%9d%99%9e%f0%9d%99%9a%f0%9d%99%a7%f0%9d%99%a9%f0%9d%99%a4-%f0%9d%99%99%f0%9d%99%9a-%f0%9d%99%87%f0%9d%99%aa%f0%9d%99%a3%f0%9d%99%96-%f0%9d%99%8b","status":"publish","type":"post","link":"https:\/\/www.cendis.gob.ve\/?p=3890","title":{"rendered":"Concierto de Luna Parrandera"},"content":{"rendered":"\n<figure class=\"wp-block-embed is-type-video is-provider-youtube wp-block-embed-youtube wp-embed-aspect-16-9 wp-has-aspect-ratio\"><div class=\"wp-block-embed__wrapper\">\n<iframe title=\"\ud835\ude3e\ud835\ude64\ud835\ude63\ud835\ude58\ud835\ude5e\ud835\ude5a\ud835\ude67\ud835\ude69\ud835\ude64 \ud835\ude59\ud835\ude5a \ud835\ude47\ud835\ude6a\ud835\ude63\ud835\ude56 \ud835\ude4b\ud835\ude56\ud835\ude67\ud835\ude67\ud835\ude56\ud835\ude63\ud835\ude59\ud835\ude5a\ud835\ude67\ud835\ude56. ( \ud835\ude4e\ud835\ude5a\ud835\ude68\ud835\ude5e\ud835\ude64\ud835\ude63\ud835\ude5a\ud835\ude68 \ud835\ude3e\ud835\ude5a\ud835\ude63\ud835\ude59\ud835\ude5e\ud835\ude68)\" width=\"800\" height=\"450\" src=\"https:\/\/www.youtube.com\/embed\/FAelK8avdM8?feature=oembed\" frameborder=\"0\" allow=\"accelerometer; autoplay; clipboard-write; encrypted-media; gyroscope; picture-in-picture; web-share\" referrerpolicy=\"strict-origin-when-cross-origin\" allowfullscreen><\/iframe>\n<\/div><\/figure>\n\n\n\n<p>Luna Parrandera, con un talentoso grupo integrado por Jacqueline \u201cYakke\u201d Luna como cantante, Mar\u00eda Luisa Guerra (cantante y maracas), Darwin Lathan (bajo), Jes\u00fas Paiva (tumbadora), Jeanmicet Can\u00f3nico (cantante), Nelson Contreras (tambor pujao de parranda), Jes\u00fas Berenzola (cantante y cuatro), Ricardo Linares (cantante y charrasca) y Brayan Ovalles (tres), present\u00f3 un repertorio variado y festivo. Interpretaron &#8220;Ahora&#8221; y &#8220;Serenata&#8221; de Francisco Pacheco, &#8220;El Arrendajo&#8221; de Un Solo Pueblo, &#8220;Parranda de Navidad&#8221; de V\u00edctor Mendoza, &#8220;A viva voz&#8221; de Jes\u00fas Morillo, y &#8220;Reflexi\u00f3n Gaitera&#8221; de Ricardo Linares. Cada pieza, con sus arreglos respectivos, destac\u00f3 la riqueza de los g\u00e9neros aguinaldo de parranda, parranda, gaita de tambora y m\u00fasica de Navidad, mostrando el talento y la energ\u00eda de la agrupaci\u00f3n.<\/p>\n","protected":false},"excerpt":{"rendered":"<p>Luna Parrandera, con un talentoso grupo integrado por Jacqueline \u201cYakke\u201d Luna como cantante, Mar\u00eda Luisa Guerra (cantante y maracas), Darwin Lathan (bajo), Jes\u00fas Paiva (tumbadora), Jeanmicet Can\u00f3nico (cantante), Nelson Contreras (tambor pujao de parranda), Jes\u00fas Berenzola (cantante y cuatro), Ricardo Linares (cantante y charrasca) y Brayan Ovalles (tres), present\u00f3 un repertorio variado y festivo. Interpretaron [&hellip;]<\/p>\n","protected":false},"author":4,"featured_media":3891,"comment_status":"open","ping_status":"open","sticky":false,"template":"","format":"standard","meta":{"footnotes":""},"categories":[67],"tags":[103,91,52],"class_list":["post-3890","post","type-post","status-publish","format-standard","has-post-thumbnail","hentry","category-sesiones","tag-aguinaldo","tag-gaita","tag-parranda"],"_links":{"self":[{"href":"https:\/\/www.cendis.gob.ve\/index.php?rest_route=\/wp\/v2\/posts\/3890"}],"collection":[{"href":"https:\/\/www.cendis.gob.ve\/index.php?rest_route=\/wp\/v2\/posts"}],"about":[{"href":"https:\/\/www.cendis.gob.ve\/index.php?rest_route=\/wp\/v2\/types\/post"}],"author":[{"embeddable":true,"href":"https:\/\/www.cendis.gob.ve\/index.php?rest_route=\/wp\/v2\/users\/4"}],"replies":[{"embeddable":true,"href":"https:\/\/www.cendis.gob.ve\/index.php?rest_route=%2Fwp%2Fv2%2Fcomments&post=3890"}],"version-history":[{"count":2,"href":"https:\/\/www.cendis.gob.ve\/index.php?rest_route=\/wp\/v2\/posts\/3890\/revisions"}],"predecessor-version":[{"id":4701,"href":"https:\/\/www.cendis.gob.ve\/index.php?rest_route=\/wp\/v2\/posts\/3890\/revisions\/4701"}],"wp:featuredmedia":[{"embeddable":true,"href":"https:\/\/www.cendis.gob.ve\/index.php?rest_route=\/wp\/v2\/media\/3891"}],"wp:attachment":[{"href":"https:\/\/www.cendis.gob.ve\/index.php?rest_route=%2Fwp%2Fv2%2Fmedia&parent=3890"}],"wp:term":[{"taxonomy":"category","embeddable":true,"href":"https:\/\/www.cendis.gob.ve\/index.php?rest_route=%2Fwp%2Fv2%2Fcategories&post=3890"},{"taxonomy":"post_tag","embeddable":true,"href":"https:\/\/www.cendis.gob.ve\/index.php?rest_route=%2Fwp%2Fv2%2Ftags&post=3890"}],"curies":[{"name":"wp","href":"https:\/\/api.w.org\/{rel}","templated":true}]}}