{"id":3885,"date":"2023-02-02T15:14:00","date_gmt":"2023-02-02T19:14:00","guid":{"rendered":"https:\/\/www.cendis.gob.ve\/?p=3885"},"modified":"2024-12-20T20:11:13","modified_gmt":"2024-12-21T00:11:13","slug":"%f0%9d%98%be%f0%9d%99%a4%f0%9d%99%a3%f0%9d%99%98%f0%9d%99%9e%f0%9d%99%9a%f0%9d%99%a7%f0%9d%99%a9%f0%9d%99%a4-%f0%9d%99%99%f0%9d%99%9a-%f0%9d%98%be%f0%9d%99%a4%f0%9d%99%a3%f0%9d%99%9a%f0%9d%99%ad","status":"publish","type":"post","link":"https:\/\/www.cendis.gob.ve\/?p=3885","title":{"rendered":"Concierto de Conexi\u00f3n Gaitera"},"content":{"rendered":"\n<figure class=\"wp-block-embed is-type-video is-provider-youtube wp-block-embed-youtube wp-embed-aspect-16-9 wp-has-aspect-ratio\"><div class=\"wp-block-embed__wrapper\">\n<iframe title=\"\ud835\ude3e\ud835\ude64\ud835\ude63\ud835\ude58\ud835\ude5e\ud835\ude5a\ud835\ude67\ud835\ude69\ud835\ude64 \ud835\ude59\ud835\ude5a \ud835\ude3e\ud835\ude64\ud835\ude63\ud835\ude5a\ud835\ude6d\ud835\ude5e\u00f3\ud835\ude63 \ud835\ude42\ud835\ude56\ud835\ude5e\ud835\ude69\ud835\ude5a\ud835\ude67\ud835\ude56 ( \ud835\ude4e\ud835\ude5a\ud835\ude68\ud835\ude5e\ud835\ude64\ud835\ude63\ud835\ude5a\ud835\ude68 \ud835\ude3e\ud835\ude5a\ud835\ude63\ud835\ude59\ud835\ude5e\ud835\ude68)\" width=\"800\" height=\"450\" src=\"https:\/\/www.youtube.com\/embed\/NfooPdIaTrA?feature=oembed\" frameborder=\"0\" allow=\"accelerometer; autoplay; clipboard-write; encrypted-media; gyroscope; picture-in-picture; web-share\" referrerpolicy=\"strict-origin-when-cross-origin\" allowfullscreen><\/iframe>\n<\/div><\/figure>\n\n\n\n<p>La agrupaci\u00f3n Conexi\u00f3n Gaitera, con un talentoso elenco formado por C\u00e9sar Far\u00edas, Alexis Torres, Rocky Cardivillo y Karina Mendoza en las voces, Jos\u00e9 Alfonso en el bajo, Pacaraima Ochoa en el piano, Rub\u00e9n Poveda en el cuatro, Rony Escarate en los timbales, Ren\u00e9 Escarate en las tumbadoras, Tayron Becerra y Yoneiker Flores en las tamboras, y Carlos Pe\u00f1a en la charrasca, present\u00f3 un repertorio variado y vibrante. Interpretaron &#8220;C\u00f3mo Olvidarme&#8221; de Jes\u00fas &#8220;Chuchi&#8221; Berm\u00fadez con arreglos de Gaiteros del Abusadorcito; &#8220;Prefiero mi Gaita&#8221; de Rafael S\u00e1nchez con arreglos de Gaiteros de Pillopo; &#8220;Linocien&#8221; de Jack P\u00e9rez y Jos\u00e9 Marrero con arreglos de Gaiteros de Pillopo; &#8220;Lo m\u00edo es una Gaita&#8221; de Neguito Borjas con arreglos de VHG; un mix de Cardenales de \u00c9xito incluyendo &#8220;Negrito Fullero&#8221; de Eur\u00edpides Romero y &#8220;Negra Juana&#8221; de Renato Aguirre con arreglos de Cardenales del \u00c9xito; y &#8220;Mi sue\u00f1o con Venezuela&#8221; de Rub\u00e9n Poveda con sus propios arreglos. Esta presentaci\u00f3n resalt\u00f3 la rica tradici\u00f3n de la gaita zuliana y el talento colectivo de la agrupaci\u00f3n.<\/p>\n","protected":false},"excerpt":{"rendered":"<p>La agrupaci\u00f3n Conexi\u00f3n Gaitera, con un talentoso elenco formado por C\u00e9sar Far\u00edas, Alexis Torres, Rocky Cardivillo y Karina Mendoza en las voces, Jos\u00e9 Alfonso en el bajo, Pacaraima Ochoa en el piano, Rub\u00e9n Poveda en el cuatro, Rony Escarate en los timbales, Ren\u00e9 Escarate en las tumbadoras, Tayron Becerra y Yoneiker Flores en las tamboras, [&hellip;]<\/p>\n","protected":false},"author":4,"featured_media":3886,"comment_status":"open","ping_status":"open","sticky":false,"template":"","format":"standard","meta":{"footnotes":""},"categories":[67],"tags":[63],"class_list":["post-3885","post","type-post","status-publish","format-standard","has-post-thumbnail","hentry","category-sesiones","tag-gaitas"],"_links":{"self":[{"href":"https:\/\/www.cendis.gob.ve\/index.php?rest_route=\/wp\/v2\/posts\/3885"}],"collection":[{"href":"https:\/\/www.cendis.gob.ve\/index.php?rest_route=\/wp\/v2\/posts"}],"about":[{"href":"https:\/\/www.cendis.gob.ve\/index.php?rest_route=\/wp\/v2\/types\/post"}],"author":[{"embeddable":true,"href":"https:\/\/www.cendis.gob.ve\/index.php?rest_route=\/wp\/v2\/users\/4"}],"replies":[{"embeddable":true,"href":"https:\/\/www.cendis.gob.ve\/index.php?rest_route=%2Fwp%2Fv2%2Fcomments&post=3885"}],"version-history":[{"count":2,"href":"https:\/\/www.cendis.gob.ve\/index.php?rest_route=\/wp\/v2\/posts\/3885\/revisions"}],"predecessor-version":[{"id":4700,"href":"https:\/\/www.cendis.gob.ve\/index.php?rest_route=\/wp\/v2\/posts\/3885\/revisions\/4700"}],"wp:featuredmedia":[{"embeddable":true,"href":"https:\/\/www.cendis.gob.ve\/index.php?rest_route=\/wp\/v2\/media\/3886"}],"wp:attachment":[{"href":"https:\/\/www.cendis.gob.ve\/index.php?rest_route=%2Fwp%2Fv2%2Fmedia&parent=3885"}],"wp:term":[{"taxonomy":"category","embeddable":true,"href":"https:\/\/www.cendis.gob.ve\/index.php?rest_route=%2Fwp%2Fv2%2Fcategories&post=3885"},{"taxonomy":"post_tag","embeddable":true,"href":"https:\/\/www.cendis.gob.ve\/index.php?rest_route=%2Fwp%2Fv2%2Ftags&post=3885"}],"curies":[{"name":"wp","href":"https:\/\/api.w.org\/{rel}","templated":true}]}}