{"id":3875,"date":"2023-02-07T15:00:00","date_gmt":"2023-02-07T19:00:00","guid":{"rendered":"https:\/\/www.cendis.gob.ve\/?p=3875"},"modified":"2024-12-20T20:08:59","modified_gmt":"2024-12-21T00:08:59","slug":"%f0%9d%98%be%f0%9d%99%a4%f0%9d%99%a3%f0%9d%99%98%f0%9d%99%9e%f0%9d%99%9a%f0%9d%99%a7%f0%9d%99%a9%f0%9d%99%a4-%f0%9d%99%99%f0%9d%99%9a%f0%9d%99%a1-%f0%9d%98%be%f0%9d%99%a4%f0%9d%99%a1%f0%9d%99%9a","status":"publish","type":"post","link":"https:\/\/www.cendis.gob.ve\/?p=3875","title":{"rendered":"Concierto del Colectivo Patria Nueva"},"content":{"rendered":"\n<figure class=\"wp-block-embed is-type-video is-provider-youtube wp-block-embed-youtube wp-embed-aspect-16-9 wp-has-aspect-ratio\"><div class=\"wp-block-embed__wrapper\">\n<iframe title=\"\ud835\ude3e\ud835\ude64\ud835\ude63\ud835\ude58\ud835\ude5e\ud835\ude5a\ud835\ude67\ud835\ude69\ud835\ude64 \ud835\ude59\ud835\ude5a\ud835\ude61 \ud835\ude3e\ud835\ude64\ud835\ude61\ud835\ude5a\ud835\ude58\ud835\ude69\ud835\ude5e\ud835\ude6b\ud835\ude64 \ud835\ude4b\ud835\ude56\ud835\ude69\ud835\ude67\ud835\ude5e\ud835\ude56 \ud835\ude49\ud835\ude6a\ud835\ude5a\ud835\ude6b\ud835\ude56 (\ud835\ude4e\ud835\ude5a\ud835\ude68\ud835\ude5e\ud835\ude64\ud835\ude63\ud835\ude5a\ud835\ude68 \ud835\ude3e\ud835\ude5a\ud835\ude63\ud835\ude59\ud835\ude5e\ud835\ude68)\" width=\"800\" height=\"450\" src=\"https:\/\/www.youtube.com\/embed\/s_1KxWePAmQ?feature=oembed\" frameborder=\"0\" allow=\"accelerometer; autoplay; clipboard-write; encrypted-media; gyroscope; picture-in-picture; web-share\" referrerpolicy=\"strict-origin-when-cross-origin\" allowfullscreen><\/iframe>\n<\/div><\/figure>\n\n\n\n<p>El Colectivo Patria Nueva, bajo la direcci\u00f3n de Pedro Cortes\u00eda, present\u00f3 un repertorio original compuesto por &#8220;Sucre&#8221;, &#8220;Mi amor no es nada sin tu amor&#8221; y &#8220;Volvi\u00f3 el amor&#8221;, todas con letra y m\u00fasica de Pedro Cortes\u00eda, as\u00ed como &#8220;Las feas artes&#8221;, con letra y m\u00fasica de Sandino Primera. Los integrantes del colectivo incluyen a Carlos Rivas, Carmen L\u00f3pez, Eunis L\u00f3pez, Yubenlis Osorio, Angel Alejandro Cortes\u00eda, Abraham Malav\u00e9, Carlos Ma\u00edz, Eva Mill\u00e1n, Carlos Salazar, Elieska Medina, Luis Miguel Bruzual y Angel Al\u00ed. Esta presentaci\u00f3n destac\u00f3 la colaboraci\u00f3n y el talento colectivo de sus miembros.<\/p>\n\n\n\n<p><\/p>\n","protected":false},"excerpt":{"rendered":"<p>El Colectivo Patria Nueva, bajo la direcci\u00f3n de Pedro Cortes\u00eda, present\u00f3 un repertorio original compuesto por &#8220;Sucre&#8221;, &#8220;Mi amor no es nada sin tu amor&#8221; y &#8220;Volvi\u00f3 el amor&#8221;, todas con letra y m\u00fasica de Pedro Cortes\u00eda, as\u00ed como &#8220;Las feas artes&#8221;, con letra y m\u00fasica de Sandino Primera. Los integrantes del colectivo incluyen a [&hellip;]<\/p>\n","protected":false},"author":4,"featured_media":3881,"comment_status":"open","ping_status":"open","sticky":false,"template":"","format":"standard","meta":{"footnotes":""},"categories":[67],"tags":[],"class_list":["post-3875","post","type-post","status-publish","format-standard","has-post-thumbnail","hentry","category-sesiones"],"_links":{"self":[{"href":"https:\/\/www.cendis.gob.ve\/index.php?rest_route=\/wp\/v2\/posts\/3875"}],"collection":[{"href":"https:\/\/www.cendis.gob.ve\/index.php?rest_route=\/wp\/v2\/posts"}],"about":[{"href":"https:\/\/www.cendis.gob.ve\/index.php?rest_route=\/wp\/v2\/types\/post"}],"author":[{"embeddable":true,"href":"https:\/\/www.cendis.gob.ve\/index.php?rest_route=\/wp\/v2\/users\/4"}],"replies":[{"embeddable":true,"href":"https:\/\/www.cendis.gob.ve\/index.php?rest_route=%2Fwp%2Fv2%2Fcomments&post=3875"}],"version-history":[{"count":2,"href":"https:\/\/www.cendis.gob.ve\/index.php?rest_route=\/wp\/v2\/posts\/3875\/revisions"}],"predecessor-version":[{"id":4698,"href":"https:\/\/www.cendis.gob.ve\/index.php?rest_route=\/wp\/v2\/posts\/3875\/revisions\/4698"}],"wp:featuredmedia":[{"embeddable":true,"href":"https:\/\/www.cendis.gob.ve\/index.php?rest_route=\/wp\/v2\/media\/3881"}],"wp:attachment":[{"href":"https:\/\/www.cendis.gob.ve\/index.php?rest_route=%2Fwp%2Fv2%2Fmedia&parent=3875"}],"wp:term":[{"taxonomy":"category","embeddable":true,"href":"https:\/\/www.cendis.gob.ve\/index.php?rest_route=%2Fwp%2Fv2%2Fcategories&post=3875"},{"taxonomy":"post_tag","embeddable":true,"href":"https:\/\/www.cendis.gob.ve\/index.php?rest_route=%2Fwp%2Fv2%2Ftags&post=3875"}],"curies":[{"name":"wp","href":"https:\/\/api.w.org\/{rel}","templated":true}]}}