{"id":3869,"date":"2023-02-09T14:52:00","date_gmt":"2023-02-09T18:52:00","guid":{"rendered":"https:\/\/www.cendis.gob.ve\/?p=3869"},"modified":"2024-12-20T20:06:03","modified_gmt":"2024-12-21T00:06:03","slug":"%f0%9d%98%be%f0%9d%99%a4%f0%9d%99%a3%f0%9d%99%98%f0%9d%99%9e%f0%9d%99%9a%f0%9d%99%a7%f0%9d%99%a9%f0%9d%99%a4-%f0%9d%99%99%f0%9d%99%9a-%f0%9d%99%80%f0%9d%99%a2%f0%9d%99%9e%f0%9d%99%a1-%f0%9d%99%8e","status":"publish","type":"post","link":"https:\/\/www.cendis.gob.ve\/?p=3869","title":{"rendered":"Concierto de Emil Sucre Gamboa"},"content":{"rendered":"\n<figure class=\"wp-block-embed is-type-video is-provider-youtube wp-block-embed-youtube wp-embed-aspect-16-9 wp-has-aspect-ratio\"><div class=\"wp-block-embed__wrapper\">\n<iframe title=\"\ud835\ude3e\ud835\ude64\ud835\ude63\ud835\ude58\ud835\ude5e\ud835\ude5a\ud835\ude67\ud835\ude69\ud835\ude64 \ud835\ude59\ud835\ude5a \ud835\ude40\ud835\ude62\ud835\ude5e\ud835\ude61 \ud835\ude4e\ud835\ude6a\ud835\ude58\ud835\ude67\ud835\ude5a \ud835\ude42\ud835\ude56\ud835\ude62\ud835\ude57\ud835\ude64\ud835\ude56 ( \ud835\ude4e\ud835\ude5a\ud835\ude68\ud835\ude5e\ud835\ude64\ud835\ude63\ud835\ude5a\ud835\ude68 \ud835\ude3e\ud835\ude5a\ud835\ude63\ud835\ude59\ud835\ude5e\ud835\ude68)\" width=\"800\" height=\"450\" src=\"https:\/\/www.youtube.com\/embed\/fhJqXY2_jG8?feature=oembed\" frameborder=\"0\" allow=\"accelerometer; autoplay; clipboard-write; encrypted-media; gyroscope; picture-in-picture; web-share\" referrerpolicy=\"strict-origin-when-cross-origin\" allowfullscreen><\/iframe>\n<\/div><\/figure>\n\n\n\n<p>Emil Sucre Gamboa present\u00f3 un repertorio lleno de diversidad y talento. Interpret\u00f3 &#8220;En el color del amor&#8221; y &#8220;Por ti&#8221; en el g\u00e9nero de danza oriental, &#8220;Negrito faramallero&#8221;, &#8220;Juana Rosa&#8221; y &#8220;Folclor oriental&#8221; en el g\u00e9nero de merengue, y &#8220;El Tigre, me nace quererte&#8221; en el g\u00e9nero de vals. Todas las composiciones y letras fueron creadas por Emil Sucre Gamboa, destacando su habilidad para fusionar distintos estilos y g\u00e9neros en su m\u00fasica.<\/p>\n","protected":false},"excerpt":{"rendered":"<p>Emil Sucre Gamboa present\u00f3 un repertorio lleno de diversidad y talento. Interpret\u00f3 &#8220;En el color del amor&#8221; y &#8220;Por ti&#8221; en el g\u00e9nero de danza oriental, &#8220;Negrito faramallero&#8221;, &#8220;Juana Rosa&#8221; y &#8220;Folclor oriental&#8221; en el g\u00e9nero de merengue, y &#8220;El Tigre, me nace quererte&#8221; en el g\u00e9nero de vals. Todas las composiciones y letras fueron [&hellip;]<\/p>\n","protected":false},"author":4,"featured_media":3871,"comment_status":"open","ping_status":"open","sticky":false,"template":"","format":"standard","meta":{"footnotes":""},"categories":[67],"tags":[100,87],"class_list":["post-3869","post","type-post","status-publish","format-standard","has-post-thumbnail","hentry","category-sesiones","tag-merengue","tag-vals"],"_links":{"self":[{"href":"https:\/\/www.cendis.gob.ve\/index.php?rest_route=\/wp\/v2\/posts\/3869"}],"collection":[{"href":"https:\/\/www.cendis.gob.ve\/index.php?rest_route=\/wp\/v2\/posts"}],"about":[{"href":"https:\/\/www.cendis.gob.ve\/index.php?rest_route=\/wp\/v2\/types\/post"}],"author":[{"embeddable":true,"href":"https:\/\/www.cendis.gob.ve\/index.php?rest_route=\/wp\/v2\/users\/4"}],"replies":[{"embeddable":true,"href":"https:\/\/www.cendis.gob.ve\/index.php?rest_route=%2Fwp%2Fv2%2Fcomments&post=3869"}],"version-history":[{"count":2,"href":"https:\/\/www.cendis.gob.ve\/index.php?rest_route=\/wp\/v2\/posts\/3869\/revisions"}],"predecessor-version":[{"id":4697,"href":"https:\/\/www.cendis.gob.ve\/index.php?rest_route=\/wp\/v2\/posts\/3869\/revisions\/4697"}],"wp:featuredmedia":[{"embeddable":true,"href":"https:\/\/www.cendis.gob.ve\/index.php?rest_route=\/wp\/v2\/media\/3871"}],"wp:attachment":[{"href":"https:\/\/www.cendis.gob.ve\/index.php?rest_route=%2Fwp%2Fv2%2Fmedia&parent=3869"}],"wp:term":[{"taxonomy":"category","embeddable":true,"href":"https:\/\/www.cendis.gob.ve\/index.php?rest_route=%2Fwp%2Fv2%2Fcategories&post=3869"},{"taxonomy":"post_tag","embeddable":true,"href":"https:\/\/www.cendis.gob.ve\/index.php?rest_route=%2Fwp%2Fv2%2Ftags&post=3869"}],"curies":[{"name":"wp","href":"https:\/\/api.w.org\/{rel}","templated":true}]}}