{"id":3843,"date":"2023-03-07T14:25:00","date_gmt":"2023-03-07T18:25:00","guid":{"rendered":"https:\/\/www.cendis.gob.ve\/?p=3843"},"modified":"2024-12-20T20:02:20","modified_gmt":"2024-12-21T00:02:20","slug":"%f0%9d%98%be%f0%9d%99%a4%f0%9d%99%a3%f0%9d%99%98%f0%9d%99%9e%f0%9d%99%9a%f0%9d%99%a7%f0%9d%99%a9%f0%9d%99%a4-%f0%9d%99%99%f0%9d%99%9a-%f0%9d%98%bc%f0%9d%99%a1%f0%9d%99%9b%f0%9d%99%a7%f0%9d%99%9a","status":"publish","type":"post","link":"https:\/\/www.cendis.gob.ve\/?p=3843","title":{"rendered":"Concierto de Alfredo Gutierrez"},"content":{"rendered":"\n<figure class=\"wp-block-embed is-type-video is-provider-youtube wp-block-embed-youtube wp-embed-aspect-16-9 wp-has-aspect-ratio\"><div class=\"wp-block-embed__wrapper\">\n<iframe title=\"\ud835\ude3e\ud835\ude64\ud835\ude63\ud835\ude58\ud835\ude5e\ud835\ude5a\ud835\ude67\ud835\ude69\ud835\ude64 \ud835\ude59\ud835\ude5a \ud835\ude3c\ud835\ude61\ud835\ude5b\ud835\ude67\ud835\ude5a\ud835\ude59\ud835\ude64 \ud835\ude42\ud835\ude6a\ud835\ude69\ud835\ude5e\u00e9\ud835\ude67\ud835\ude67\ud835\ude5a\ud835\ude6f(\ud835\ude4e\ud835\ude5a\ud835\ude68\ud835\ude5e\ud835\ude64\ud835\ude63\ud835\ude5a\ud835\ude68 \ud835\ude3e\ud835\ude5a\ud835\ude63\ud835\ude59\ud835\ude5e\ud835\ude68)\" width=\"800\" height=\"450\" src=\"https:\/\/www.youtube.com\/embed\/tIFnpWoGUFM?feature=oembed\" frameborder=\"0\" allow=\"accelerometer; autoplay; clipboard-write; encrypted-media; gyroscope; picture-in-picture; web-share\" referrerpolicy=\"strict-origin-when-cross-origin\" allowfullscreen><\/iframe>\n<\/div><\/figure>\n\n\n\n<p>El artista invitado, acompa\u00f1ado por un talentoso grupo de m\u00fasicos, present\u00f3 un repertorio vibrante que incluy\u00f3 &#8220;La Lechina&#8221; (Rec. Luis Miranda), &#8220;Egifenio&#8221; (Versi\u00f3n-Luis Miranda), &#8220;Suplicaci\u00f3n&#8221; (Valent\u00edn Miranda), &#8220;Flor de Aragua&#8221; (Santiago Bravo-Rec. Luis Miranda), &#8220;Sioney&#8221; (Alfredo Guti\u00e9rrez) y &#8220;Joropo Nro 1&#8221; (Rec. Luis Miranda). Los m\u00fasicos fueron Alfredo Guti\u00e9rrez en la bandola sucrense, Javier Mar\u00edn en el cuatro, Jos\u00e9 Mart\u00ednez en las maracas, Daniel Hern\u00e1ndez en el bajo y Renzo Alejandro Hern\u00e1ndez Gudi\u00f1o en la tambora. Este repertorio destac\u00f3 la rica tradici\u00f3n musical venezolana y el talento de cada m\u00fasico involucrado.<\/p>\n","protected":false},"excerpt":{"rendered":"<p>El artista invitado, acompa\u00f1ado por un talentoso grupo de m\u00fasicos, present\u00f3 un repertorio vibrante que incluy\u00f3 &#8220;La Lechina&#8221; (Rec. Luis Miranda), &#8220;Egifenio&#8221; (Versi\u00f3n-Luis Miranda), &#8220;Suplicaci\u00f3n&#8221; (Valent\u00edn Miranda), &#8220;Flor de Aragua&#8221; (Santiago Bravo-Rec. Luis Miranda), &#8220;Sioney&#8221; (Alfredo Guti\u00e9rrez) y &#8220;Joropo Nro 1&#8221; (Rec. Luis Miranda). Los m\u00fasicos fueron Alfredo Guti\u00e9rrez en la bandola sucrense, Javier Mar\u00edn [&hellip;]<\/p>\n","protected":false},"author":4,"featured_media":3845,"comment_status":"open","ping_status":"open","sticky":false,"template":"","format":"standard","meta":{"footnotes":""},"categories":[67],"tags":[113,110,18],"class_list":["post-3843","post","type-post","status-publish","format-standard","has-post-thumbnail","hentry","category-sesiones","tag-bandola","tag-cuatro","tag-joropo"],"_links":{"self":[{"href":"https:\/\/www.cendis.gob.ve\/index.php?rest_route=\/wp\/v2\/posts\/3843"}],"collection":[{"href":"https:\/\/www.cendis.gob.ve\/index.php?rest_route=\/wp\/v2\/posts"}],"about":[{"href":"https:\/\/www.cendis.gob.ve\/index.php?rest_route=\/wp\/v2\/types\/post"}],"author":[{"embeddable":true,"href":"https:\/\/www.cendis.gob.ve\/index.php?rest_route=\/wp\/v2\/users\/4"}],"replies":[{"embeddable":true,"href":"https:\/\/www.cendis.gob.ve\/index.php?rest_route=%2Fwp%2Fv2%2Fcomments&post=3843"}],"version-history":[{"count":3,"href":"https:\/\/www.cendis.gob.ve\/index.php?rest_route=\/wp\/v2\/posts\/3843\/revisions"}],"predecessor-version":[{"id":4695,"href":"https:\/\/www.cendis.gob.ve\/index.php?rest_route=\/wp\/v2\/posts\/3843\/revisions\/4695"}],"wp:featuredmedia":[{"embeddable":true,"href":"https:\/\/www.cendis.gob.ve\/index.php?rest_route=\/wp\/v2\/media\/3845"}],"wp:attachment":[{"href":"https:\/\/www.cendis.gob.ve\/index.php?rest_route=%2Fwp%2Fv2%2Fmedia&parent=3843"}],"wp:term":[{"taxonomy":"category","embeddable":true,"href":"https:\/\/www.cendis.gob.ve\/index.php?rest_route=%2Fwp%2Fv2%2Fcategories&post=3843"},{"taxonomy":"post_tag","embeddable":true,"href":"https:\/\/www.cendis.gob.ve\/index.php?rest_route=%2Fwp%2Fv2%2Ftags&post=3843"}],"curies":[{"name":"wp","href":"https:\/\/api.w.org\/{rel}","templated":true}]}}