{"id":3806,"date":"2024-11-21T14:09:00","date_gmt":"2024-11-21T18:09:00","guid":{"rendered":"https:\/\/www.cendis.gob.ve\/?p=3806"},"modified":"2024-12-17T14:12:10","modified_gmt":"2024-12-17T18:12:10","slug":"festival-mundial-viva-venezuela-septimo-capitulo-estado-merida-agrupacion-los-valero","status":"publish","type":"post","link":"https:\/\/www.cendis.gob.ve\/?p=3806","title":{"rendered":"Festival Mundial Viva Venezuela- S\u00e9ptimo Cap\u00edtulo, estado Merida, agrupaci\u00f3n Los Valero"},"content":{"rendered":"\n<p><a href=\"https:\/\/www.youtube.com\/@canalcultura_ve\"><\/a><\/p>\n\n\n\n<figure class=\"wp-block-embed is-type-video is-provider-youtube wp-block-embed-youtube wp-embed-aspect-16-9 wp-has-aspect-ratio\"><div class=\"wp-block-embed__wrapper\">\n<iframe title=\"Festival Mundial Viva Venezuela, estado Merida, agrupaci\u00f3n Los Valero\" width=\"800\" height=\"450\" src=\"https:\/\/www.youtube.com\/embed\/TkTlskqoh0Q?feature=oembed\" frameborder=\"0\" allow=\"accelerometer; autoplay; clipboard-write; encrypted-media; gyroscope; picture-in-picture; web-share\" referrerpolicy=\"strict-origin-when-cross-origin\" allowfullscreen><\/iframe>\n<\/div><\/figure>\n\n\n\n<p>Desde Santo Domingo, estado M\u00e9rida.<\/p>\n\n\n\n<p><\/p>\n","protected":false},"excerpt":{"rendered":"<p>Desde Santo Domingo, estado M\u00e9rida.<\/p>\n","protected":false},"author":2,"featured_media":3820,"comment_status":"open","ping_status":"open","sticky":false,"template":"","format":"standard","meta":{"footnotes":""},"categories":[11],"tags":[38,108],"class_list":["post-3806","post","type-post","status-publish","format-standard","has-post-thumbnail","hentry","category-conciertos","tag-festival-viva-venezuela","tag-merida"],"_links":{"self":[{"href":"https:\/\/www.cendis.gob.ve\/index.php?rest_route=\/wp\/v2\/posts\/3806"}],"collection":[{"href":"https:\/\/www.cendis.gob.ve\/index.php?rest_route=\/wp\/v2\/posts"}],"about":[{"href":"https:\/\/www.cendis.gob.ve\/index.php?rest_route=\/wp\/v2\/types\/post"}],"author":[{"embeddable":true,"href":"https:\/\/www.cendis.gob.ve\/index.php?rest_route=\/wp\/v2\/users\/2"}],"replies":[{"embeddable":true,"href":"https:\/\/www.cendis.gob.ve\/index.php?rest_route=%2Fwp%2Fv2%2Fcomments&post=3806"}],"version-history":[{"count":1,"href":"https:\/\/www.cendis.gob.ve\/index.php?rest_route=\/wp\/v2\/posts\/3806\/revisions"}],"predecessor-version":[{"id":3822,"href":"https:\/\/www.cendis.gob.ve\/index.php?rest_route=\/wp\/v2\/posts\/3806\/revisions\/3822"}],"wp:featuredmedia":[{"embeddable":true,"href":"https:\/\/www.cendis.gob.ve\/index.php?rest_route=\/wp\/v2\/media\/3820"}],"wp:attachment":[{"href":"https:\/\/www.cendis.gob.ve\/index.php?rest_route=%2Fwp%2Fv2%2Fmedia&parent=3806"}],"wp:term":[{"taxonomy":"category","embeddable":true,"href":"https:\/\/www.cendis.gob.ve\/index.php?rest_route=%2Fwp%2Fv2%2Fcategories&post=3806"},{"taxonomy":"post_tag","embeddable":true,"href":"https:\/\/www.cendis.gob.ve\/index.php?rest_route=%2Fwp%2Fv2%2Ftags&post=3806"}],"curies":[{"name":"wp","href":"https:\/\/api.w.org\/{rel}","templated":true}]}}