{"id":3794,"date":"2023-03-28T14:06:00","date_gmt":"2023-03-28T18:06:00","guid":{"rendered":"https:\/\/www.cendis.gob.ve\/?p=3794"},"modified":"2024-12-20T19:49:36","modified_gmt":"2024-12-20T23:49:36","slug":"%f0%9d%98%be%f0%9d%99%a4%f0%9d%99%a3%f0%9d%99%98%f0%9d%99%9e%f0%9d%99%9a%f0%9d%99%a7%f0%9d%99%a9%f0%9d%99%a4-%f0%9d%99%99%f0%9d%99%9a-%f0%9d%99%91i%f0%9d%99%98%f0%9d%99%a9%f0%9d%99%a4%f0%9d%99%a7","status":"publish","type":"post","link":"https:\/\/www.cendis.gob.ve\/?p=3794","title":{"rendered":"Concierto de V\u00edctor Papiro Armas"},"content":{"rendered":"\n<figure class=\"wp-block-embed is-type-video is-provider-youtube wp-block-embed-youtube wp-embed-aspect-16-9 wp-has-aspect-ratio\"><div class=\"wp-block-embed__wrapper\">\n<iframe title=\"\ud835\ude3e\ud835\ude64\ud835\ude63\ud835\ude58\ud835\ude5e\ud835\ude5a\ud835\ude67\ud835\ude69\ud835\ude64 \ud835\ude59\ud835\ude5a \ud835\ude51\u00ed\ud835\ude58\ud835\ude69\ud835\ude64\ud835\ude67 \ud835\ude4b\ud835\ude56\ud835\ude65\ud835\ude5e\ud835\ude67\ud835\ude64 \ud835\ude3c\ud835\ude67\ud835\ude62\ud835\ude56\ud835\ude68. ( \ud835\ude4e\ud835\ude5a\ud835\ude68\ud835\ude5e\ud835\ude64\ud835\ude63\ud835\ude5a\ud835\ude68 \ud835\ude3e\ud835\ude5a\ud835\ude63\ud835\ude59\ud835\ude5e\ud835\ude68)\" width=\"800\" height=\"450\" src=\"https:\/\/www.youtube.com\/embed\/vxPftO-zpBk?feature=oembed\" frameborder=\"0\" allow=\"accelerometer; autoplay; clipboard-write; encrypted-media; gyroscope; picture-in-picture; web-share\" referrerpolicy=\"strict-origin-when-cross-origin\" allowfullscreen><\/iframe>\n<\/div><\/figure>\n\n\n\n<p>V\u00edctor \u201cPapiro\u201d Armas, acompa\u00f1ado por Sim\u00f3n Hern\u00e1ndez en las maracas, Mario Castillo en el cuatro, H\u00e9ctor Orama en el g\u00fciro y Santiago Guerra en la mar\u00edmbola y marintarra, present\u00f3 un repertorio que incluy\u00f3 &#8220;El Mango&#8221;, &#8220;Mi Gua gu\u00e0&#8221; y &#8220;La Tragaven\u00e0&#8221;, todas de su autor\u00eda. Tambi\u00e9n interpretaron &#8220;R\u00edo Chiquito&#8221; con letra de V\u00edctor &#8220;Papiro&#8221; Armas y m\u00fasica de Inocencio Caraballo, &#8220;Caraballo&#8221; recopilada por Jos\u00e9 Luis Aguiar, y &#8220;Despacito&#8221; con letra y m\u00fasica de V\u00edctor &#8220;Papiro&#8221; Armas, con arreglos de Engels Armas y el propio V\u00edctor. Este repertorio resalta la riqueza del joropo barlovente\u00f1o y el talento de los m\u00fasicos involucrados.<\/p>\n","protected":false},"excerpt":{"rendered":"<p>V\u00edctor \u201cPapiro\u201d Armas, acompa\u00f1ado por Sim\u00f3n Hern\u00e1ndez en las maracas, Mario Castillo en el cuatro, H\u00e9ctor Orama en el g\u00fciro y Santiago Guerra en la mar\u00edmbola y marintarra, present\u00f3 un repertorio que incluy\u00f3 &#8220;El Mango&#8221;, &#8220;Mi Gua gu\u00e0&#8221; y &#8220;La Tragaven\u00e0&#8221;, todas de su autor\u00eda. Tambi\u00e9n interpretaron &#8220;R\u00edo Chiquito&#8221; con letra de V\u00edctor &#8220;Papiro&#8221; Armas [&hellip;]<\/p>\n","protected":false},"author":4,"featured_media":3807,"comment_status":"open","ping_status":"open","sticky":false,"template":"","format":"standard","meta":{"footnotes":""},"categories":[67],"tags":[112,18],"class_list":["post-3794","post","type-post","status-publish","format-standard","has-post-thumbnail","hentry","category-sesiones","tag-barlovento","tag-joropo"],"_links":{"self":[{"href":"https:\/\/www.cendis.gob.ve\/index.php?rest_route=\/wp\/v2\/posts\/3794"}],"collection":[{"href":"https:\/\/www.cendis.gob.ve\/index.php?rest_route=\/wp\/v2\/posts"}],"about":[{"href":"https:\/\/www.cendis.gob.ve\/index.php?rest_route=\/wp\/v2\/types\/post"}],"author":[{"embeddable":true,"href":"https:\/\/www.cendis.gob.ve\/index.php?rest_route=\/wp\/v2\/users\/4"}],"replies":[{"embeddable":true,"href":"https:\/\/www.cendis.gob.ve\/index.php?rest_route=%2Fwp%2Fv2%2Fcomments&post=3794"}],"version-history":[{"count":2,"href":"https:\/\/www.cendis.gob.ve\/index.php?rest_route=\/wp\/v2\/posts\/3794\/revisions"}],"predecessor-version":[{"id":4691,"href":"https:\/\/www.cendis.gob.ve\/index.php?rest_route=\/wp\/v2\/posts\/3794\/revisions\/4691"}],"wp:featuredmedia":[{"embeddable":true,"href":"https:\/\/www.cendis.gob.ve\/index.php?rest_route=\/wp\/v2\/media\/3807"}],"wp:attachment":[{"href":"https:\/\/www.cendis.gob.ve\/index.php?rest_route=%2Fwp%2Fv2%2Fmedia&parent=3794"}],"wp:term":[{"taxonomy":"category","embeddable":true,"href":"https:\/\/www.cendis.gob.ve\/index.php?rest_route=%2Fwp%2Fv2%2Fcategories&post=3794"},{"taxonomy":"post_tag","embeddable":true,"href":"https:\/\/www.cendis.gob.ve\/index.php?rest_route=%2Fwp%2Fv2%2Ftags&post=3794"}],"curies":[{"name":"wp","href":"https:\/\/api.w.org\/{rel}","templated":true}]}}