{"id":3782,"date":"2023-04-04T14:03:00","date_gmt":"2023-04-04T18:03:00","guid":{"rendered":"https:\/\/www.cendis.gob.ve\/?p=3782"},"modified":"2024-12-20T19:47:50","modified_gmt":"2024-12-20T23:47:50","slug":"%f0%9d%98%be%f0%9d%99%a4%f0%9d%99%a3%f0%9d%99%98%f0%9d%99%9e%f0%9d%99%9a%f0%9d%99%a7%f0%9d%99%a9%f0%9d%99%a4-%f0%9d%99%99%f0%9d%99%9a-%f0%9d%99%8d%f0%9d%99%9e%f0%9d%99%98%f0%9d%99%9d%f0%9d%99%96","status":"publish","type":"post","link":"https:\/\/www.cendis.gob.ve\/?p=3782","title":{"rendered":"Concierto de Richard Ram\u00edrez"},"content":{"rendered":"\n<figure class=\"wp-block-embed is-type-video is-provider-youtube wp-block-embed-youtube wp-embed-aspect-16-9 wp-has-aspect-ratio\"><div class=\"wp-block-embed__wrapper\">\n<iframe title=\"\ud835\ude3e\ud835\ude64\ud835\ude63\ud835\ude58\ud835\ude5e\ud835\ude5a\ud835\ude67\ud835\ude69\ud835\ude64 \ud835\ude59\ud835\ude5a \ud835\ude4d\ud835\ude5e\ud835\ude58\ud835\ude5d\ud835\ude56\ud835\ude67\ud835\ude59 \ud835\ude4d\ud835\ude56\ud835\ude62\u00ed\ud835\ude67\ud835\ude5a\ud835\ude6f ( \ud835\ude4e\ud835\ude5a\ud835\ude68\ud835\ude5e\ud835\ude64\ud835\ude63\ud835\ude5a\ud835\ude68 \ud835\ude3e\ud835\ude5a\ud835\ude63\ud835\ude59\ud835\ude5e\ud835\ude68)\" width=\"800\" height=\"450\" src=\"https:\/\/www.youtube.com\/embed\/ERxvzN9k5no?feature=oembed\" frameborder=\"0\" allow=\"accelerometer; autoplay; clipboard-write; encrypted-media; gyroscope; picture-in-picture; web-share\" referrerpolicy=\"strict-origin-when-cross-origin\" allowfullscreen><\/iframe>\n<\/div><\/figure>\n\n\n\n<p>Richard Ram\u00edrez, experto en el cuatro tuyero, interpret\u00f3 una serie de temas instrumentales y vocales. El repertorio incluy\u00f3 las piezas instrumentales &#8220;Y si ella se fue&#8221;, &#8220;Dayana&#8221; y &#8220;La conoc\u00ed en la playa&#8221;, todas compuestas por Yustardy Laza. Adem\u00e1s, present\u00f3 &#8220;El Rancho de los recuerdos&#8221;, con letra de Mauro Campos y m\u00fasica de Richard Ram\u00edrez, interpretada por Jos\u00e9 Miguel Arteaga, conocido como &#8220;El Expreso de las Dolores&#8221;. Tambi\u00e9n interpretaron &#8220;Solos solitos&#8221;, una composici\u00f3n de Kevin Rojas, interpretada igualmente por Jos\u00e9 Miguel Arteaga. Esta presentaci\u00f3n resalt\u00f3 el talento de Ram\u00edrez en el cuatro y la poderosa voz de Arteaga.<\/p>\n","protected":false},"excerpt":{"rendered":"<p>Richard Ram\u00edrez, experto en el cuatro tuyero, interpret\u00f3 una serie de temas instrumentales y vocales. El repertorio incluy\u00f3 las piezas instrumentales &#8220;Y si ella se fue&#8221;, &#8220;Dayana&#8221; y &#8220;La conoc\u00ed en la playa&#8221;, todas compuestas por Yustardy Laza. Adem\u00e1s, present\u00f3 &#8220;El Rancho de los recuerdos&#8221;, con letra de Mauro Campos y m\u00fasica de Richard Ram\u00edrez, [&hellip;]<\/p>\n","protected":false},"author":4,"featured_media":3791,"comment_status":"open","ping_status":"open","sticky":false,"template":"","format":"standard","meta":{"footnotes":""},"categories":[67],"tags":[110,111],"class_list":["post-3782","post","type-post","status-publish","format-standard","has-post-thumbnail","hentry","category-sesiones","tag-cuatro","tag-tuyero"],"_links":{"self":[{"href":"https:\/\/www.cendis.gob.ve\/index.php?rest_route=\/wp\/v2\/posts\/3782"}],"collection":[{"href":"https:\/\/www.cendis.gob.ve\/index.php?rest_route=\/wp\/v2\/posts"}],"about":[{"href":"https:\/\/www.cendis.gob.ve\/index.php?rest_route=\/wp\/v2\/types\/post"}],"author":[{"embeddable":true,"href":"https:\/\/www.cendis.gob.ve\/index.php?rest_route=\/wp\/v2\/users\/4"}],"replies":[{"embeddable":true,"href":"https:\/\/www.cendis.gob.ve\/index.php?rest_route=%2Fwp%2Fv2%2Fcomments&post=3782"}],"version-history":[{"count":3,"href":"https:\/\/www.cendis.gob.ve\/index.php?rest_route=\/wp\/v2\/posts\/3782\/revisions"}],"predecessor-version":[{"id":4690,"href":"https:\/\/www.cendis.gob.ve\/index.php?rest_route=\/wp\/v2\/posts\/3782\/revisions\/4690"}],"wp:featuredmedia":[{"embeddable":true,"href":"https:\/\/www.cendis.gob.ve\/index.php?rest_route=\/wp\/v2\/media\/3791"}],"wp:attachment":[{"href":"https:\/\/www.cendis.gob.ve\/index.php?rest_route=%2Fwp%2Fv2%2Fmedia&parent=3782"}],"wp:term":[{"taxonomy":"category","embeddable":true,"href":"https:\/\/www.cendis.gob.ve\/index.php?rest_route=%2Fwp%2Fv2%2Fcategories&post=3782"},{"taxonomy":"post_tag","embeddable":true,"href":"https:\/\/www.cendis.gob.ve\/index.php?rest_route=%2Fwp%2Fv2%2Ftags&post=3782"}],"curies":[{"name":"wp","href":"https:\/\/api.w.org\/{rel}","templated":true}]}}