{"id":3766,"date":"2023-04-11T14:00:00","date_gmt":"2023-04-11T18:00:00","guid":{"rendered":"https:\/\/www.cendis.gob.ve\/?p=3766"},"modified":"2024-12-20T19:43:15","modified_gmt":"2024-12-20T23:43:15","slug":"%f0%9d%99%8a%f0%9d%99%a2%f0%9d%99%96%f0%9d%99%a7-%f0%9d%99%87%f0%9d%99%a1%f0%9d%99%a4%f0%9d%99%ab%f0%9d%99%9a%f0%9d%99%a7%f0%9d%99%96-%f0%9d%98%be%f0%9d%99%a4%f0%9d%99%a3%f0%9d%99%98%f0%9d%99%9e","status":"publish","type":"post","link":"https:\/\/www.cendis.gob.ve\/?p=3766","title":{"rendered":"Omar Llovera. Concierto en homenaje a Gualberto Ibarreto"},"content":{"rendered":"\n<figure class=\"wp-block-embed is-type-video is-provider-youtube wp-block-embed-youtube wp-embed-aspect-16-9 wp-has-aspect-ratio\"><div class=\"wp-block-embed__wrapper\">\n<iframe title=\"\ud835\ude4a\ud835\ude62\ud835\ude56\ud835\ude67 \ud835\ude47\ud835\ude61\ud835\ude64\ud835\ude6b\ud835\ude5a\ud835\ude67\ud835\ude56. \ud835\ude3e\ud835\ude64\ud835\ude63\ud835\ude58\ud835\ude5e\ud835\ude5a\ud835\ude67\ud835\ude69\ud835\ude64 \ud835\ude5a\ud835\ude63 \ud835\ude5d\ud835\ude64\ud835\ude62\ud835\ude5a\ud835\ude63\ud835\ude56\ud835\ude5f\ud835\ude5a \ud835\ude56 \ud835\ude42\ud835\ude6a\ud835\ude56\ud835\ude61\ud835\ude57\ud835\ude5a\ud835\ude67\ud835\ude69\ud835\ude64 \ud835\ude44\ud835\ude57\ud835\ude56\ud835\ude67\ud835\ude67\ud835\ude5a\ud835\ude69\ud835\ude64.(\ud835\ude4e\ud835\ude5a\ud835\ude68\ud835\ude5e\ud835\ude64\ud835\ude63\ud835\ude5a\ud835\ude68 \ud835\ude3e\ud835\ude5a\ud835\ude63\ud835\ude59\ud835\ude5e\ud835\ude68)\" width=\"800\" height=\"450\" src=\"https:\/\/www.youtube.com\/embed\/UB4hwdexK1w?feature=oembed\" frameborder=\"0\" allow=\"accelerometer; autoplay; clipboard-write; encrypted-media; gyroscope; picture-in-picture; web-share\" referrerpolicy=\"strict-origin-when-cross-origin\" allowfullscreen><\/iframe>\n<\/div><\/figure>\n\n\n\n<p>El homenaje a Gualberto Ibarreto, conocido como \u201cEl Cantor de la Voz del Pueblo\u201d, cont\u00f3 con la participaci\u00f3n de Omar Llovera como vocalista, Yhony Le\u00f3n en el cuatro, William Garc\u00eda en la mandolina, Jos\u00e9 \u00c1ngel P\u00e9rez en el bajo y Carlos Chac\u00f3n en la percusi\u00f3n. El repertorio incluy\u00f3 un popurr\u00ed con &#8220;Anhelante&#8221; de Jos\u00e9 (Pollo) Sifontes y &#8220;Bikina&#8221; de Ra\u00fal Fuentes, as\u00ed como &#8220;Amor Bonito&#8221;, &#8220;La Carta&#8221;, &#8220;Calamar&#8221; y &#8220;A Usted La Voy a Olvidar&#8221;, todas composiciones de Enrique Hidalgo. Tambi\u00e9n interpretaron &#8220;Mi Abuela&#8221; de Pedro \u201cPerucho\u201d Aguirre, con arreglos y direcci\u00f3n de William Garc\u00eda.<\/p>\n","protected":false},"excerpt":{"rendered":"<p>El homenaje a Gualberto Ibarreto, conocido como \u201cEl Cantor de la Voz del Pueblo\u201d, cont\u00f3 con la participaci\u00f3n de Omar Llovera como vocalista, Yhony Le\u00f3n en el cuatro, William Garc\u00eda en la mandolina, Jos\u00e9 \u00c1ngel P\u00e9rez en el bajo y Carlos Chac\u00f3n en la percusi\u00f3n. El repertorio incluy\u00f3 un popurr\u00ed con &#8220;Anhelante&#8221; de Jos\u00e9 (Pollo) [&hellip;]<\/p>\n","protected":false},"author":4,"featured_media":3775,"comment_status":"open","ping_status":"open","sticky":false,"template":"","format":"standard","meta":{"footnotes":""},"categories":[67],"tags":[60],"class_list":["post-3766","post","type-post","status-publish","format-standard","has-post-thumbnail","hentry","category-sesiones","tag-homenaje"],"_links":{"self":[{"href":"https:\/\/www.cendis.gob.ve\/index.php?rest_route=\/wp\/v2\/posts\/3766"}],"collection":[{"href":"https:\/\/www.cendis.gob.ve\/index.php?rest_route=\/wp\/v2\/posts"}],"about":[{"href":"https:\/\/www.cendis.gob.ve\/index.php?rest_route=\/wp\/v2\/types\/post"}],"author":[{"embeddable":true,"href":"https:\/\/www.cendis.gob.ve\/index.php?rest_route=\/wp\/v2\/users\/4"}],"replies":[{"embeddable":true,"href":"https:\/\/www.cendis.gob.ve\/index.php?rest_route=%2Fwp%2Fv2%2Fcomments&post=3766"}],"version-history":[{"count":3,"href":"https:\/\/www.cendis.gob.ve\/index.php?rest_route=\/wp\/v2\/posts\/3766\/revisions"}],"predecessor-version":[{"id":4688,"href":"https:\/\/www.cendis.gob.ve\/index.php?rest_route=\/wp\/v2\/posts\/3766\/revisions\/4688"}],"wp:featuredmedia":[{"embeddable":true,"href":"https:\/\/www.cendis.gob.ve\/index.php?rest_route=\/wp\/v2\/media\/3775"}],"wp:attachment":[{"href":"https:\/\/www.cendis.gob.ve\/index.php?rest_route=%2Fwp%2Fv2%2Fmedia&parent=3766"}],"wp:term":[{"taxonomy":"category","embeddable":true,"href":"https:\/\/www.cendis.gob.ve\/index.php?rest_route=%2Fwp%2Fv2%2Fcategories&post=3766"},{"taxonomy":"post_tag","embeddable":true,"href":"https:\/\/www.cendis.gob.ve\/index.php?rest_route=%2Fwp%2Fv2%2Ftags&post=3766"}],"curies":[{"name":"wp","href":"https:\/\/api.w.org\/{rel}","templated":true}]}}