{"id":3750,"date":"2023-04-18T13:55:00","date_gmt":"2023-04-18T17:55:00","guid":{"rendered":"https:\/\/www.cendis.gob.ve\/?p=3750"},"modified":"2024-12-20T19:38:39","modified_gmt":"2024-12-20T23:38:39","slug":"%f0%9d%98%be%f0%9d%99%a4%f0%9d%99%a3%f0%9d%99%98%f0%9d%99%9e%f0%9d%99%9a%f0%9d%99%a7%f0%9d%99%a9%f0%9d%99%a4-%f0%9d%99%99%f0%9d%99%9a-%f0%9d%98%bc%f0%9d%99%a3%f0%9d%99%a9%f0%9d%99%9d%f0%9d%99%a4","status":"publish","type":"post","link":"https:\/\/www.cendis.gob.ve\/?p=3750","title":{"rendered":"Concierto de Anthony Matos &#8220;El Muchacho de los Zarcillos&#8221;"},"content":{"rendered":"\n<figure class=\"wp-block-embed is-type-video is-provider-youtube wp-block-embed-youtube wp-embed-aspect-16-9 wp-has-aspect-ratio\"><div class=\"wp-block-embed__wrapper\">\n<iframe title=\"\ud835\ude3e\ud835\ude64\ud835\ude63\ud835\ude58\ud835\ude5e\ud835\ude5a\ud835\ude67\ud835\ude69\ud835\ude64 \ud835\ude59\ud835\ude5a \ud835\ude3c\ud835\ude63\ud835\ude69\ud835\ude5d\ud835\ude64\ud835\ude63\ud835\ude6e \ud835\ude48\ud835\ude56\ud835\ude69\ud835\ude64\ud835\ude68 &quot;\ud835\ude40\ud835\ude61 \ud835\ude48\ud835\ude6a\ud835\ude58\ud835\ude5d\ud835\ude56\ud835\ude58\ud835\ude5d\ud835\ude64 \ud835\ude59\ud835\ude5a \ud835\ude61\ud835\ude64\ud835\ude68 \ud835\ude55\ud835\ude56\ud835\ude67\ud835\ude58\ud835\ude5e\ud835\ude61\ud835\ude61\ud835\ude64\ud835\ude68&quot; (\ud835\ude4e\ud835\ude5a\ud835\ude68\ud835\ude5e\ud835\ude64\ud835\ude63\ud835\ude5a\ud835\ude68 \ud835\ude3e\ud835\ude5a\ud835\ude63\ud835\ude59\ud835\ude5e\ud835\ude68)\" width=\"800\" height=\"450\" src=\"https:\/\/www.youtube.com\/embed\/BasrcdVu10k?feature=oembed\" frameborder=\"0\" allow=\"accelerometer; autoplay; clipboard-write; encrypted-media; gyroscope; picture-in-picture; web-share\" referrerpolicy=\"strict-origin-when-cross-origin\" allowfullscreen><\/iframe>\n<\/div><\/figure>\n\n\n\n<p>Anthony Matos, conocido como \u201cEl muchacho de los zarcillos\u201d, present\u00f3 un repertorio encantador acompa\u00f1ado por Ridell Castro en el arpa. Interpretaron &#8220;El Beso&#8221; de Cruz \u00c1vila, con m\u00fasica de Amado Mart\u00ednez, &#8220;As\u00ed es que me gustas&#8221; de Esteban Ramos &#8220;El Perico de Miranda&#8221;, &#8220;Yo s\u00e9 que t\u00fa me quieres&#8221; de Anthony Matos, &#8220;\u00c1breme el Pecho&#8221; de Br\u00edgido R\u00edos y &#8220;La Guara\u00f1a tuyera&#8221;, una pieza de la m\u00fasica folkl\u00f3rica. Cada interpretaci\u00f3n resalt\u00f3 la rica tradici\u00f3n musical y el talento de los m\u00fasicos.<\/p>\n","protected":false},"excerpt":{"rendered":"<p>Anthony Matos, conocido como \u201cEl muchacho de los zarcillos\u201d, present\u00f3 un repertorio encantador acompa\u00f1ado por Ridell Castro en el arpa. Interpretaron &#8220;El Beso&#8221; de Cruz \u00c1vila, con m\u00fasica de Amado Mart\u00ednez, &#8220;As\u00ed es que me gustas&#8221; de Esteban Ramos &#8220;El Perico de Miranda&#8221;, &#8220;Yo s\u00e9 que t\u00fa me quieres&#8221; de Anthony Matos, &#8220;\u00c1breme el Pecho&#8221; [&hellip;]<\/p>\n","protected":false},"author":4,"featured_media":3757,"comment_status":"open","ping_status":"open","sticky":false,"template":"","format":"standard","meta":{"footnotes":""},"categories":[67],"tags":[93],"class_list":["post-3750","post","type-post","status-publish","format-standard","has-post-thumbnail","hentry","category-sesiones","tag-arpa"],"_links":{"self":[{"href":"https:\/\/www.cendis.gob.ve\/index.php?rest_route=\/wp\/v2\/posts\/3750"}],"collection":[{"href":"https:\/\/www.cendis.gob.ve\/index.php?rest_route=\/wp\/v2\/posts"}],"about":[{"href":"https:\/\/www.cendis.gob.ve\/index.php?rest_route=\/wp\/v2\/types\/post"}],"author":[{"embeddable":true,"href":"https:\/\/www.cendis.gob.ve\/index.php?rest_route=\/wp\/v2\/users\/4"}],"replies":[{"embeddable":true,"href":"https:\/\/www.cendis.gob.ve\/index.php?rest_route=%2Fwp%2Fv2%2Fcomments&post=3750"}],"version-history":[{"count":2,"href":"https:\/\/www.cendis.gob.ve\/index.php?rest_route=\/wp\/v2\/posts\/3750\/revisions"}],"predecessor-version":[{"id":4686,"href":"https:\/\/www.cendis.gob.ve\/index.php?rest_route=\/wp\/v2\/posts\/3750\/revisions\/4686"}],"wp:featuredmedia":[{"embeddable":true,"href":"https:\/\/www.cendis.gob.ve\/index.php?rest_route=\/wp\/v2\/media\/3757"}],"wp:attachment":[{"href":"https:\/\/www.cendis.gob.ve\/index.php?rest_route=%2Fwp%2Fv2%2Fmedia&parent=3750"}],"wp:term":[{"taxonomy":"category","embeddable":true,"href":"https:\/\/www.cendis.gob.ve\/index.php?rest_route=%2Fwp%2Fv2%2Fcategories&post=3750"},{"taxonomy":"post_tag","embeddable":true,"href":"https:\/\/www.cendis.gob.ve\/index.php?rest_route=%2Fwp%2Fv2%2Ftags&post=3750"}],"curies":[{"name":"wp","href":"https:\/\/api.w.org\/{rel}","templated":true}]}}