{"id":3715,"date":"2023-06-20T13:49:00","date_gmt":"2023-06-20T17:49:00","guid":{"rendered":"https:\/\/www.cendis.gob.ve\/?p=3715"},"modified":"2024-12-20T19:36:04","modified_gmt":"2024-12-20T23:36:04","slug":"%f0%9d%98%be%f0%9d%99%a4%f0%9d%99%a3%f0%9d%99%98%f0%9d%99%9e%f0%9d%99%9a%f0%9d%99%a7%f0%9d%99%a9%f0%9d%99%a4-%f0%9d%99%99%f0%9d%99%9a-%f0%9d%99%a1%f0%9d%99%96-%f0%9d%98%bc%f0%9d%99%9c%f0%9d%99%a7-2","status":"publish","type":"post","link":"https:\/\/www.cendis.gob.ve\/?p=3715","title":{"rendered":"Concierto de la Agrupaci\u00f3n &#8220;Sol Larense&#8221;"},"content":{"rendered":"\n<figure class=\"wp-block-embed is-type-video is-provider-youtube wp-block-embed-youtube wp-embed-aspect-16-9 wp-has-aspect-ratio\"><div class=\"wp-block-embed__wrapper\">\n<iframe title=\"\ud835\ude3e\ud835\ude64\ud835\ude63\ud835\ude58\ud835\ude5e\ud835\ude5a\ud835\ude67\ud835\ude69\ud835\ude64 \ud835\ude59\ud835\ude5a \ud835\ude61\ud835\ude56 \ud835\ude3c\ud835\ude5c\ud835\ude67\ud835\ude6a\ud835\ude65\ud835\ude56\ud835\ude58\ud835\ude5e\u00f3\ud835\ude63 &quot;\ud835\ude4e\ud835\ude64\ud835\ude61 \ud835\ude47\ud835\ude56\ud835\ude67\ud835\ude5a\ud835\ude63\ud835\ude68\ud835\ude5a&quot;. ( \ud835\ude4e\ud835\ude5a\ud835\ude68\ud835\ude5e\ud835\ude64\ud835\ude63\ud835\ude5a\ud835\ude68 \ud835\ude3e\ud835\ude5a\ud835\ude63\ud835\ude59\ud835\ude5e\ud835\ude68)\" width=\"800\" height=\"450\" src=\"https:\/\/www.youtube.com\/embed\/zxbnqRQdHhY?feature=oembed\" frameborder=\"0\" allow=\"accelerometer; autoplay; clipboard-write; encrypted-media; gyroscope; picture-in-picture; web-share\" referrerpolicy=\"strict-origin-when-cross-origin\" allowfullscreen><\/iframe>\n<\/div><\/figure>\n\n\n\n<p>La agrupaci\u00f3n &#8220;Sol Larense y su gente&#8221;, integrada por Carlos S\u00e1nchez (voz y cuerdas), Ismael Colmenares (voz y cuerdas), Daniel Uvan (tambora y tambor cumaco), Delmar Osuna (cuerdas), Nelson Garc\u00eda (palos), Belkys Figuera (voz), Milagro Martinez (voz) y Zuleyma Avil\u00e9s (voz y maracas), present\u00f3 un repertorio que incluye &#8220;La Bella&#8221; y &#8220;Seis figuria&#8217;o&#8221; en el g\u00e9nero de son del tamunangue, con arreglos de la propia agrupaci\u00f3n. Tambi\u00e9n interpretaron &#8220;Sol Larense&#8221; de Ismael Colmenares, con arreglos del mismo compositor, &#8220;Pretendida&#8221; de Arturo Avil\u00e9s Castro, con arreglos del propio compositor, &#8220;Se march\u00f3 el cardenalito&#8221; de Carlos S\u00e1nchez, con arreglos musicales del mismo autor, y &#8220;La R\u00faa&#8221; de F\u00e9lix Mor\u00f3n, con arreglos de la agrupaci\u00f3n.<\/p>\n","protected":false},"excerpt":{"rendered":"<p>La agrupaci\u00f3n &#8220;Sol Larense y su gente&#8221;, integrada por Carlos S\u00e1nchez (voz y cuerdas), Ismael Colmenares (voz y cuerdas), Daniel Uvan (tambora y tambor cumaco), Delmar Osuna (cuerdas), Nelson Garc\u00eda (palos), Belkys Figuera (voz), Milagro Martinez (voz) y Zuleyma Avil\u00e9s (voz y maracas), present\u00f3 un repertorio que incluye &#8220;La Bella&#8221; y &#8220;Seis figuria&#8217;o&#8221; en el [&hellip;]<\/p>\n","protected":false},"author":4,"featured_media":3726,"comment_status":"open","ping_status":"open","sticky":false,"template":"","format":"standard","meta":{"footnotes":""},"categories":[67],"tags":[53],"class_list":["post-3715","post","type-post","status-publish","format-standard","has-post-thumbnail","hentry","category-sesiones","tag-tamunangue"],"_links":{"self":[{"href":"https:\/\/www.cendis.gob.ve\/index.php?rest_route=\/wp\/v2\/posts\/3715"}],"collection":[{"href":"https:\/\/www.cendis.gob.ve\/index.php?rest_route=\/wp\/v2\/posts"}],"about":[{"href":"https:\/\/www.cendis.gob.ve\/index.php?rest_route=\/wp\/v2\/types\/post"}],"author":[{"embeddable":true,"href":"https:\/\/www.cendis.gob.ve\/index.php?rest_route=\/wp\/v2\/users\/4"}],"replies":[{"embeddable":true,"href":"https:\/\/www.cendis.gob.ve\/index.php?rest_route=%2Fwp%2Fv2%2Fcomments&post=3715"}],"version-history":[{"count":2,"href":"https:\/\/www.cendis.gob.ve\/index.php?rest_route=\/wp\/v2\/posts\/3715\/revisions"}],"predecessor-version":[{"id":4685,"href":"https:\/\/www.cendis.gob.ve\/index.php?rest_route=\/wp\/v2\/posts\/3715\/revisions\/4685"}],"wp:featuredmedia":[{"embeddable":true,"href":"https:\/\/www.cendis.gob.ve\/index.php?rest_route=\/wp\/v2\/media\/3726"}],"wp:attachment":[{"href":"https:\/\/www.cendis.gob.ve\/index.php?rest_route=%2Fwp%2Fv2%2Fmedia&parent=3715"}],"wp:term":[{"taxonomy":"category","embeddable":true,"href":"https:\/\/www.cendis.gob.ve\/index.php?rest_route=%2Fwp%2Fv2%2Fcategories&post=3715"},{"taxonomy":"post_tag","embeddable":true,"href":"https:\/\/www.cendis.gob.ve\/index.php?rest_route=%2Fwp%2Fv2%2Ftags&post=3715"}],"curies":[{"name":"wp","href":"https:\/\/api.w.org\/{rel}","templated":true}]}}