{"id":2131,"date":"2024-06-07T13:00:00","date_gmt":"2024-06-07T17:00:00","guid":{"rendered":"https:\/\/www.cendis.gob.ve\/?p=2131"},"modified":"2024-12-12T17:36:19","modified_gmt":"2024-12-12T21:36:19","slug":"afro-scott-ancestral-roots-concierto-en-san-agustin","status":"publish","type":"post","link":"https:\/\/www.cendis.gob.ve\/?p=2131","title":{"rendered":"Venezuela M\u00fasica presenta Afro Scott &amp; Ancestral Roots &#8211; Concierto en San Agust\u00edn"},"content":{"rendered":"\n<figure class=\"wp-block-embed is-type-video is-provider-youtube wp-block-embed-youtube wp-embed-aspect-16-9 wp-has-aspect-ratio\"><div class=\"wp-block-embed__wrapper\">\n<iframe title=\"Afro Scott &amp; Ancestral Roots - Concierto en San Agust\u00edn\" width=\"800\" height=\"450\" src=\"https:\/\/www.youtube.com\/embed\/Xlv_YocJ914?feature=oembed\" frameborder=\"0\" allow=\"accelerometer; autoplay; clipboard-write; encrypted-media; gyroscope; picture-in-picture; web-share\" referrerpolicy=\"strict-origin-when-cross-origin\" allowfullscreen><\/iframe>\n<\/div><figcaption class=\"wp-element-caption\">Afro Scott es un Mc que tiene 22a\u00f1os de trayectoria en la m\u00fasica Urbana y est\u00e1 acompa\u00f1ado de Ancestral Roots Banda que Fusiona Rap, Reggae, ritmos afro venezolanos creando sonidos Experimentales mezclados con letras de conciencia sociales y espiritualidad.<\/figcaption><\/figure>\n","protected":false},"excerpt":{"rendered":"<p>Afro Scott es un Mc que tiene 22a\u00f1os de trayectoria en la m\u00fasica Urbana y est\u00e1 acompa\u00f1ado de Ancestral Roots Banda que  Fusiona Rap, Reggae, ritmos afro venezolanos creando sonidos  Experimentales mezclados con letras de conciencia sociales y espiritualidad.<\/p>\n","protected":false},"author":2,"featured_media":2132,"comment_status":"open","ping_status":"open","sticky":false,"template":"","format":"standard","meta":{"footnotes":""},"categories":[70],"tags":[42],"class_list":["post-2131","post","type-post","status-publish","format-standard","has-post-thumbnail","hentry","category-venezuela-musica","tag-caracas"],"_links":{"self":[{"href":"https:\/\/www.cendis.gob.ve\/index.php?rest_route=\/wp\/v2\/posts\/2131"}],"collection":[{"href":"https:\/\/www.cendis.gob.ve\/index.php?rest_route=\/wp\/v2\/posts"}],"about":[{"href":"https:\/\/www.cendis.gob.ve\/index.php?rest_route=\/wp\/v2\/types\/post"}],"author":[{"embeddable":true,"href":"https:\/\/www.cendis.gob.ve\/index.php?rest_route=\/wp\/v2\/users\/2"}],"replies":[{"embeddable":true,"href":"https:\/\/www.cendis.gob.ve\/index.php?rest_route=%2Fwp%2Fv2%2Fcomments&post=2131"}],"version-history":[{"count":2,"href":"https:\/\/www.cendis.gob.ve\/index.php?rest_route=\/wp\/v2\/posts\/2131\/revisions"}],"predecessor-version":[{"id":2595,"href":"https:\/\/www.cendis.gob.ve\/index.php?rest_route=\/wp\/v2\/posts\/2131\/revisions\/2595"}],"wp:featuredmedia":[{"embeddable":true,"href":"https:\/\/www.cendis.gob.ve\/index.php?rest_route=\/wp\/v2\/media\/2132"}],"wp:attachment":[{"href":"https:\/\/www.cendis.gob.ve\/index.php?rest_route=%2Fwp%2Fv2%2Fmedia&parent=2131"}],"wp:term":[{"taxonomy":"category","embeddable":true,"href":"https:\/\/www.cendis.gob.ve\/index.php?rest_route=%2Fwp%2Fv2%2Fcategories&post=2131"},{"taxonomy":"post_tag","embeddable":true,"href":"https:\/\/www.cendis.gob.ve\/index.php?rest_route=%2Fwp%2Fv2%2Ftags&post=2131"}],"curies":[{"name":"wp","href":"https:\/\/api.w.org\/{rel}","templated":true}]}}