{"id":1999,"date":"2024-12-07T14:22:54","date_gmt":"2024-12-07T18:22:54","guid":{"rendered":"https:\/\/www.cendis.gob.ve\/?p=1999"},"modified":"2024-12-07T14:26:13","modified_gmt":"2024-12-07T18:26:13","slug":"la-pieza-homenaje-a-sucre-sera-estrenada-en-el-celarg-en-conmemoracion-del-bicentenario-de-la-batalla-de-ayacucho","status":"publish","type":"post","link":"https:\/\/www.cendis.gob.ve\/?p=1999","title":{"rendered":"La pieza \u201cHomenaje a Sucre\u201d ser\u00e1 estrenada en el Celarg en conmemoraci\u00f3n del Bicentenario de la Batalla de Ayacucho"},"content":{"rendered":"\n<figure class=\"wp-block-image size-full\"><img fetchpriority=\"high\" decoding=\"async\" width=\"1024\" height=\"1024\" src=\"https:\/\/www.cendis.gob.ve\/wp-content\/uploads\/2024\/12\/IMG-20241206-WA00501-1024x1024-1.jpg\" alt=\"\" class=\"wp-image-2000\" srcset=\"https:\/\/www.cendis.gob.ve\/wp-content\/uploads\/2024\/12\/IMG-20241206-WA00501-1024x1024-1.jpg 1024w, https:\/\/www.cendis.gob.ve\/wp-content\/uploads\/2024\/12\/IMG-20241206-WA00501-1024x1024-1-300x300.jpg 300w, https:\/\/www.cendis.gob.ve\/wp-content\/uploads\/2024\/12\/IMG-20241206-WA00501-1024x1024-1-150x150.jpg 150w, https:\/\/www.cendis.gob.ve\/wp-content\/uploads\/2024\/12\/IMG-20241206-WA00501-1024x1024-1-768x768.jpg 768w, https:\/\/www.cendis.gob.ve\/wp-content\/uploads\/2024\/12\/IMG-20241206-WA00501-1024x1024-1-640x640.jpg 640w, https:\/\/www.cendis.gob.ve\/wp-content\/uploads\/2024\/12\/IMG-20241206-WA00501-1024x1024-1-50x50.jpg 50w, https:\/\/www.cendis.gob.ve\/wp-content\/uploads\/2024\/12\/IMG-20241206-WA00501-1024x1024-1-560x560.jpg 560w\" sizes=\"(max-width: 1024px) 100vw, 1024px\" \/><\/figure>\n\n\n\n<p><strong>Prensa MPPC (05\/12\/2024).-&nbsp;<\/strong>En el marco del Bicentenario de la Batalla de Ayacucho, este domingo 8 de diciembre, a las 5:00 pm, el Teatro 1 del Centro de Estudios Latinoamericanos y del Caribe R\u00f3mulo Gallegos (Celarg) ser\u00e1 el escenario del concierto&nbsp;<em>Homenaje a Sucre<\/em>, dirigido por el maestro e investigador Diego Silva Silva.<\/p>\n\n\n\n<p>Este concierto surge como primer resultado de las investigaciones emprendidas en el Celarg. El p\u00fablico tendr\u00e1 la oportunidad de escuchar un himno in\u00e9dito que rinde tributo al pr\u00f3cer Antonio Jos\u00e9 de Sucre, hallado por Silva Silva como parte de ese proceso.<\/p>\n\n\n\n<p>Para la ocasi\u00f3n el maestro ha reunido a un destacado grupo de talentos venezolanos. Adem\u00e1s, contar\u00e1 con las voces de reconocidos m\u00fasicos y solistas como Anna Rotinova (soprano), Mart\u00edn Camacho (bajo), Jeremy Fuentes (tenor), Mariana Camacho (soprano y viol\u00edn), Estefania Grillet (soprano), Bel\u00e9n Ojeda (m\u00fasica y narradora) y la participaci\u00f3n del cantante popular Juan Jos\u00e9 Hern\u00e1ndez. El coro, bajo la preparaci\u00f3n de Francisco \u201cPancho\u201d Salazar, estar\u00e1 compuesto por nueve voces que aportar\u00e1n una dimensi\u00f3n especial a cada pieza.<\/p>\n\n\n\n<p>El programa del concierto incluye un recorrido por las canciones patri\u00f3ticas m\u00e1s emblem\u00e1ticas de la \u00e9poca independentista de Nuestra Am\u00e9rica, con un especial \u00e9nfasis en la figura de Antonio Jos\u00e9 de Sucre. Entre las piezas que se interpretar\u00e1n, destaca la obra&nbsp;<em>Himno a Sucre<\/em>, escrita por Andr\u00e9s Sosa. Esta pieza es un hallazgo del m\u00fasico Diego Silva Silva, quien es investigador del Celarg.<\/p>\n\n\n\n<p><strong>T y F : Prensa Celarg<\/strong><\/p>\n","protected":false},"excerpt":{"rendered":"<p>Este concierto surge como primer resultado de las investigaciones emprendidas en el Celarg. El p\u00fablico tendr\u00e1 la oportunidad de escuchar un himno in\u00e9dito que rinde tributo al pr\u00f3cer Antonio Jos\u00e9 de Sucre, hallado por Silva Silva como parte de ese proceso.<\/p>\n","protected":false},"author":2,"featured_media":2000,"comment_status":"open","ping_status":"open","sticky":false,"template":"","format":"standard","meta":{"footnotes":""},"categories":[10],"tags":[58,61,50,60],"class_list":["post-1999","post","type-post","status-publish","format-standard","has-post-thumbnail","hentry","category-noticias","tag-sucre","tag-batalla-de-ayacucho","tag-concierto","tag-homenaje"],"_links":{"self":[{"href":"https:\/\/www.cendis.gob.ve\/index.php?rest_route=\/wp\/v2\/posts\/1999"}],"collection":[{"href":"https:\/\/www.cendis.gob.ve\/index.php?rest_route=\/wp\/v2\/posts"}],"about":[{"href":"https:\/\/www.cendis.gob.ve\/index.php?rest_route=\/wp\/v2\/types\/post"}],"author":[{"embeddable":true,"href":"https:\/\/www.cendis.gob.ve\/index.php?rest_route=\/wp\/v2\/users\/2"}],"replies":[{"embeddable":true,"href":"https:\/\/www.cendis.gob.ve\/index.php?rest_route=%2Fwp%2Fv2%2Fcomments&post=1999"}],"version-history":[{"count":1,"href":"https:\/\/www.cendis.gob.ve\/index.php?rest_route=\/wp\/v2\/posts\/1999\/revisions"}],"predecessor-version":[{"id":2001,"href":"https:\/\/www.cendis.gob.ve\/index.php?rest_route=\/wp\/v2\/posts\/1999\/revisions\/2001"}],"wp:featuredmedia":[{"embeddable":true,"href":"https:\/\/www.cendis.gob.ve\/index.php?rest_route=\/wp\/v2\/media\/2000"}],"wp:attachment":[{"href":"https:\/\/www.cendis.gob.ve\/index.php?rest_route=%2Fwp%2Fv2%2Fmedia&parent=1999"}],"wp:term":[{"taxonomy":"category","embeddable":true,"href":"https:\/\/www.cendis.gob.ve\/index.php?rest_route=%2Fwp%2Fv2%2Fcategories&post=1999"},{"taxonomy":"post_tag","embeddable":true,"href":"https:\/\/www.cendis.gob.ve\/index.php?rest_route=%2Fwp%2Fv2%2Ftags&post=1999"}],"curies":[{"name":"wp","href":"https:\/\/api.w.org\/{rel}","templated":true}]}}