{"id":1800,"date":"2024-05-10T10:44:00","date_gmt":"2024-05-10T14:44:00","guid":{"rendered":"https:\/\/www.cendis.gob.ve\/?p=1800"},"modified":"2024-12-07T12:49:03","modified_gmt":"2024-12-07T16:49:03","slug":"monumental-inauguracion-del-festival-mundial-viva-venezuela","status":"publish","type":"post","link":"https:\/\/www.cendis.gob.ve\/?p=1800","title":{"rendered":"Festival Mundial Viva Venezuela, Inauguraci\u00f3n en el Estadio Monumental de la Rinconada,  Caracas."},"content":{"rendered":"\n<figure class=\"wp-block-embed is-type-video is-provider-youtube wp-block-embed-youtube wp-embed-aspect-16-9 wp-has-aspect-ratio\"><div class=\"wp-block-embed__wrapper\">\n<iframe title=\"Monumental Inauguraci\u00f3n del Festival Mundial Viva Venezuela\" width=\"800\" height=\"450\" src=\"https:\/\/www.youtube.com\/embed\/hBbFx5CD7fA?feature=oembed\" frameborder=\"0\" allow=\"accelerometer; autoplay; clipboard-write; encrypted-media; gyroscope; picture-in-picture; web-share\" referrerpolicy=\"strict-origin-when-cross-origin\" allowfullscreen><\/iframe>\n<\/div><\/figure>\n\n\n\n<p>M\u00e1s de 14 horas de m\u00fasica, cantos y bailes incesantes al m\u00e1s puro estilo del inconfundible sabor venezolano.<\/p>\n\n\n\n<p>Se estima que m\u00e1s de 20 mil personas presenciaron la inauguraci\u00f3n y otras 10 mil siguieron la transmisi\u00f3n en la televisora nacional, convirti\u00e9ndose en el encuentro de saberes m\u00e1s importante de la temporada<\/p>\n\n\n\n<p>Cultores de todo el pa\u00eds, se reunieron para ofrecer una muestra de la tradici\u00f3n ancestral que dio origen a nuestro gentilicio, representada en la expresi\u00f3n cultural que identifica cada regi\u00f3n de Venezuela.<\/p>\n\n\n\n<p>Pueblos originarios, cofradias, agrupaciones de bailes y cantos, realizaron un recorrido musical por la abundante muestra de nuestra cultura.<\/p>\n\n\n\n<p><\/p>\n\n\n\n<h2 class=\"wp-block-heading\" id=\"header\"><\/h2>\n","protected":false},"excerpt":{"rendered":"<p>Cultores de todo el pa\u00eds, se reunieron para ofrecer una muestra de la tradici\u00f3n ancestral que dio origen a nuestro gentilicio, representada en la expresi\u00f3n cultural que identifica cada regi\u00f3n de Venezuela.<\/p>\n","protected":false},"author":2,"featured_media":1801,"comment_status":"open","ping_status":"open","sticky":false,"template":"","format":"standard","meta":{"footnotes":""},"categories":[11],"tags":[42,38],"class_list":["post-1800","post","type-post","status-publish","format-standard","has-post-thumbnail","hentry","category-conciertos","tag-caracas","tag-festival-viva-venezuela"],"_links":{"self":[{"href":"https:\/\/www.cendis.gob.ve\/index.php?rest_route=\/wp\/v2\/posts\/1800"}],"collection":[{"href":"https:\/\/www.cendis.gob.ve\/index.php?rest_route=\/wp\/v2\/posts"}],"about":[{"href":"https:\/\/www.cendis.gob.ve\/index.php?rest_route=\/wp\/v2\/types\/post"}],"author":[{"embeddable":true,"href":"https:\/\/www.cendis.gob.ve\/index.php?rest_route=\/wp\/v2\/users\/2"}],"replies":[{"embeddable":true,"href":"https:\/\/www.cendis.gob.ve\/index.php?rest_route=%2Fwp%2Fv2%2Fcomments&post=1800"}],"version-history":[{"count":4,"href":"https:\/\/www.cendis.gob.ve\/index.php?rest_route=\/wp\/v2\/posts\/1800\/revisions"}],"predecessor-version":[{"id":1826,"href":"https:\/\/www.cendis.gob.ve\/index.php?rest_route=\/wp\/v2\/posts\/1800\/revisions\/1826"}],"wp:featuredmedia":[{"embeddable":true,"href":"https:\/\/www.cendis.gob.ve\/index.php?rest_route=\/wp\/v2\/media\/1801"}],"wp:attachment":[{"href":"https:\/\/www.cendis.gob.ve\/index.php?rest_route=%2Fwp%2Fv2%2Fmedia&parent=1800"}],"wp:term":[{"taxonomy":"category","embeddable":true,"href":"https:\/\/www.cendis.gob.ve\/index.php?rest_route=%2Fwp%2Fv2%2Fcategories&post=1800"},{"taxonomy":"post_tag","embeddable":true,"href":"https:\/\/www.cendis.gob.ve\/index.php?rest_route=%2Fwp%2Fv2%2Ftags&post=1800"}],"curies":[{"name":"wp","href":"https:\/\/api.w.org\/{rel}","templated":true}]}}