{"id":1591,"date":"2024-11-27T19:53:52","date_gmt":"2024-11-27T23:53:52","guid":{"rendered":"https:\/\/www.cendis.gob.ve\/?p=1591"},"modified":"2024-12-12T11:45:09","modified_gmt":"2024-12-12T15:45:09","slug":"con-exito-inicio-el-festival-mundial-viva-venezuela-en-guarico","status":"publish","type":"post","link":"https:\/\/www.cendis.gob.ve\/?p=1591","title":{"rendered":"Con \u00e9xito inici\u00f3 el Festival Mundial Viva Venezuela en Gu\u00e1rico"},"content":{"rendered":"\n<figure class=\"wp-block-image size-full\"><img decoding=\"async\" src=\"https:\/\/www.cendis.gob.ve\/wp-content\/uploads\/2024\/11\/1000158680.jpg\" alt=\"\" class=\"wp-image-1592\"\/><\/figure>\n\n\n\n<p>Prensa MPPC (08\/11\/2024).- El estado Gu\u00e1rico se visti\u00f3 de fiesta al dar inicio al Festival Mundial Viva Venezuela, una iniciativa del Ministerio del Poder Popular para la Cultura, que busca promover y preservar las tradiciones culturales venezolanas. Con la participaci\u00f3n de m\u00e1s de 650 cultores y la activaci\u00f3n simult\u00e1nea de 10 municipios, este evento cultural se convirti\u00f3 en un verdadero despliegue de talento y arraigo.<\/p>\n\n\n\n<p>Desde el pasado jueves 7 de noviembre, talleres de tapara, artesan\u00eda, tejido, joropo, percusi\u00f3n, dibujo y elaboraci\u00f3n de pesebres, entre otros, inundaron las comunidades Leonardo Infante, Chaguaramas, Pedro Zaraza, Juan Germ\u00e1n Roscio, Miranda, San Jos\u00e9 de Guaribe, Juli\u00e1n Mellado, Jos\u00e9 Tadeo Monagas, Ortiz y Juan Jos\u00e9 Rond\u00f3n. La m\u00fasica en vivo y las actividades recreativas complementaron esta rica programaci\u00f3n.<\/p>\n\n\n\n<p>Un encuentro con la cultura<\/p>\n\n\n\n<p>La Viceministra de Cultura, Karen Mill\u00e1n, y el Director General del Ministerio de la Cultura en el estado Gu\u00e1rico, El\u00edas Zurita, estuvieron presentes en las actividades realizadas en el municipio Juan Germ\u00e1n Roscio, donde destacaron la importancia de rescatar y fortalecer la identidad cultural venezolana. Mill\u00e1n resalt\u00f3 la labor realizada en las escuelas a trav\u00e9s del v\u00e9rtice Viva Venezuela Mi Escuela Querida, donde se siembra la identidad venezolana y se promueve el intercambio de saberes. \u201cHemos visto c\u00f3mo un taller de percusi\u00f3n se convierte en una muestra art\u00edstica espont\u00e1nea, lo que demuestra el gran potencial creativo de nuestro pueblo\u201d, expres\u00f3 la viceministra.<\/p>\n\n\n\n<p>Por su parte, Zurita enfatiz\u00f3 la necesidad de conocer nuestras ra\u00edces y sentirnos orgullosos de nuestra cultura. \u201cAl bailar joropo y participar en estos talleres, estamos fortaleciendo nuestra identidad y transmitiendo nuestros valores a las nuevas generaciones\u201d, afirm\u00f3.<\/p>\n\n\n\n<p>Compromiso con la cultura<\/p>\n\n\n\n<p>Este festival, que se lleva a cabo en el marco de las pol\u00edticas culturales del presidente Nicol\u00e1s Maduro y que responde a la Misi\u00f3n Viva Venezuela Mi Patria Querida, cuenta con el apoyo, en el estado, del gobernador Jos\u00e9 Manuel V\u00e1squez. Alrededor de 56 festividades se han realizado en los diferentes municipios del estado Gu\u00e1rico gracias a la Fundaci\u00f3n Misi\u00f3n Cultura, contribuyendo al desarrollo humano y al fortalecimiento de las comunidades.<\/p>\n\n\n\n<p>T y F: Prensa FMC.<\/p>\n","protected":false},"excerpt":{"rendered":"<p>\u201cAl bailar joropo y participar en estos talleres, estamos fortaleciendo nuestra identidad y transmitiendo nuestros valores a las nuevas generaciones\u201d<\/p>\n","protected":false},"author":3,"featured_media":1593,"comment_status":"open","ping_status":"open","sticky":false,"template":"","format":"standard","meta":{"footnotes":""},"categories":[10],"tags":[38,48,18,49],"class_list":["post-1591","post","type-post","status-publish","format-standard","has-post-thumbnail","hentry","category-noticias","tag-festival-viva-venezuela","tag-guarico","tag-joropo","tag-percusion"],"_links":{"self":[{"href":"https:\/\/www.cendis.gob.ve\/index.php?rest_route=\/wp\/v2\/posts\/1591"}],"collection":[{"href":"https:\/\/www.cendis.gob.ve\/index.php?rest_route=\/wp\/v2\/posts"}],"about":[{"href":"https:\/\/www.cendis.gob.ve\/index.php?rest_route=\/wp\/v2\/types\/post"}],"author":[{"embeddable":true,"href":"https:\/\/www.cendis.gob.ve\/index.php?rest_route=\/wp\/v2\/users\/3"}],"replies":[{"embeddable":true,"href":"https:\/\/www.cendis.gob.ve\/index.php?rest_route=%2Fwp%2Fv2%2Fcomments&post=1591"}],"version-history":[{"count":1,"href":"https:\/\/www.cendis.gob.ve\/index.php?rest_route=\/wp\/v2\/posts\/1591\/revisions"}],"predecessor-version":[{"id":1594,"href":"https:\/\/www.cendis.gob.ve\/index.php?rest_route=\/wp\/v2\/posts\/1591\/revisions\/1594"}],"wp:featuredmedia":[{"embeddable":true,"href":"https:\/\/www.cendis.gob.ve\/index.php?rest_route=\/wp\/v2\/media\/1593"}],"wp:attachment":[{"href":"https:\/\/www.cendis.gob.ve\/index.php?rest_route=%2Fwp%2Fv2%2Fmedia&parent=1591"}],"wp:term":[{"taxonomy":"category","embeddable":true,"href":"https:\/\/www.cendis.gob.ve\/index.php?rest_route=%2Fwp%2Fv2%2Fcategories&post=1591"},{"taxonomy":"post_tag","embeddable":true,"href":"https:\/\/www.cendis.gob.ve\/index.php?rest_route=%2Fwp%2Fv2%2Ftags&post=1591"}],"curies":[{"name":"wp","href":"https:\/\/api.w.org\/{rel}","templated":true}]}}